{"id":33398,"date":"2019-05-10T06:58:27","date_gmt":"2019-05-10T10:58:27","guid":{"rendered":"https:\/\/linitiative.ca\/International\/abdeslam-bourquia-au-40e-jour-de-la-disparition-de-aziz-belal\/"},"modified":"2019-05-10T06:58:27","modified_gmt":"2019-05-10T10:58:27","slug":"abdeslam-bourquia-au-40e-jour-de-la-disparition-de-aziz-belal","status":"publish","type":"post","link":"https:\/\/linitiative.ca\/International\/abdeslam-bourquia-au-40e-jour-de-la-disparition-de-aziz-belal\/","title":{"rendered":"Abdeslam Bourquia au 40e jour de la disparition de Aziz Belal"},"content":{"rendered":"<p class=\"c3\"><span class=\"c2\"><strong>\u00abTu nous a l\u00e9gu\u00e9 une richesse th\u00e9orique et scientifique sans prix\u00bb<\/strong><\/span><\/p>\n<p class=\"c5\"><span class=\"c4\"><strong><span class=\"c2\"><img loading=\"lazy\" decoding=\"async\" class=\" wp-image-78606 alignleft\" src=\"http:\/\/albayane.press.ma\/wp-content\/uploads\/Abdeslam-Bourquia-230x130.jpg\" alt=\"\" width=\"228\" height=\"129\"\/>J<\/span>e voudrais, au nom du comit\u00e9 central du Parti du progr\u00e8s et du socialisme, exprimer \u00e0 l\u2019ensemble des fr\u00e8res qui, du haut de cette tribune, ont bien voulu, au nom de leurs partis, de leurs organisations et des corps constitu\u00e9s, participer \u00e0 cette c\u00e9r\u00e9monie.<\/strong><\/span><\/p>\n<p class=\"c5\">\u00c0 eux tous, je voudrais exprimer nos profonds remerciements, notre grande gratitude et notre \u00e9motion immense devant ce qu\u2019ils ont dit ce soir, \u00e0 l\u2019endroit de notre regrett\u00e9 camarade Abdelaziz Belal.<\/p>\n<p class=\"c5\">Avec les m\u00eames sentiments, j\u2019adresse\u00a0\u00a0\u00a0 nos remerciements \u00e0 toutes\u00a0 celles et \u00e0 tous ceux qui ont bien voulu, de par leur pr\u00e9sence dans cette salle, partager notre chagrin et prier avec nous pour l\u2019\u00e2me de notre cher d\u00e9funt.<\/p>\n<p class=\"c5\"><strong>Un penseur prolifique<\/strong><\/p>\n<p class=\"c5\">Les retrouvailles de milliers de citoyens aux tendances politiques et au statut social distinct autour d\u2019Abdelaziz, le jour o\u00f9 nous avons re\u00e7u sa d\u00e9pouille mortelle \u00e0 l\u2019a\u00e9roport et le jour o\u00f9 nous l\u2019avons d\u00e9pos\u00e9 dans sa derni\u00e8re demeure. Leur pr\u00e9sence parmi nous ce soir pour la comm\u00e9moration du 40<sup>e<\/sup> jour de sa disparition, le flot de messages de condol\u00e9ances \u00e9crits et oraux parvenus \u00e0 son parti et \u00e0 sa famille et provenant de tous les milieux et de tous les lieux, tout cela prouve la grande place qu\u2019occupe Abdelaziz au sein de la patrie et \u00e0 l\u2019ext\u00e9rieur, en tant que grand dirigeant (du Parti du progr\u00e8s et du socialisme, professeur parmi les plus brillants, penseur prolifique, conseiller municipal dynamique \u00e0 la commune de Ain Diab, homme aux nobles principes humanistes. La disparition brusque de notre d\u00e9funt Abdelaziz a affect\u00e9 notre personnalit\u00e9, boulevers\u00e9 nos sentiments et fait planer la tristesse sur nos c\u0153urs et nos esprits. Nous avons perdu en Aziz le dirigeant politique comp\u00e9tent, le camarade fid\u00e8le, l\u2019ami attentif, le professeur respect\u00e9, le grand \u00e9ducateur, le savant militant qui a toujours li\u00e9 la th\u00e9orie \u00e0 la pratique.<\/p>\n<p class=\"c5\">Nous avons perdu en lui l\u2019homme qui malgr\u00e9 sa r\u00e9putation et sa position restait l\u2019exemple m\u00eame de la modestie, l\u2019authentique et non la pseudo modestie, celle qui caract\u00e9rise les grands hommes.<\/p>\n<p class=\"c5\">La perte\u00a0 est grandiose et la consternation est grande pour son parti et ses camarades et plus particuli\u00e8rement pour ceux qui ont \u00e9t\u00e9 \u00e0 ses c\u00f4t\u00e9s tout au long de trente ann\u00e9es de lutte continue, de m\u00eame que pour ses amis et ses nombreux \u00e9l\u00e8ves.<\/p>\n<p class=\"c5\"><strong>Combler ce vide est tache d\u00e9licate<\/strong><\/p>\n<p class=\"c5\">Mais notre tristesse se trouve att\u00e9nu\u00e9e du fait qu\u2019Abdelaziz nous a l\u00e9gu\u00e9 une richesse th\u00e9orique et scientifique sans prix et qui ne manquera pas de nous rappeler \u00e0 chaque instant (que notre regrett\u00e9 n\u2019est pas mort et qu\u2019il nous incombe de pr\u00e9server et de fructifier ce legs dans l\u2019int\u00e9r\u00eat\u00a0 du progr\u00e8s politique et \u00e9conomique, social et culturel de notre pays.<\/p>\n<p class=\"c5\">Notre regrett\u00e9 Abdelaziz Belal \u00e0 qui nous avons dit adieu il y a quarante jours de cela et \u00e0 qui nous rendons hommage aujourd\u2019hui a \u00e9t\u00e9 form\u00e9 et initi\u00e9 au savoir et \u00e0 la politique de notre Parti. Tout au long des trente ann\u00e9es pass\u00e9es parmi ses camarades en tant que militant, puis dirigeant, il a beaucoup apport\u00e9 au Parti et a beaucoup appris de ce Parti et c\u2019est cet \u00e9change r\u00e9ciproque qui assure la formation de militants de la taille d\u2019Abdelaziz. C\u2019est pour ces raisons\u00a0 que nous affirmons que Aziz c\u2019est le Parti, que le Parti c\u2019est Aziz et toute s\u00e9paration entre deux n\u2019est qu\u2019arbitraire.<\/p>\n<p class=\"c5\">Les dirigeants du Parti et plus particuli\u00e8rement ceux du Bureau politique, qui le rencontraient pratiquement quotidiennement ressentent aujourd\u2019hui le grand vide qu\u2019il a laiss\u00e9 dans tous les domaines d\u2019activit\u00e9s politiques de notre Parti, que ce soit au niveau de la th\u00e9orie ou de la pratique.<\/p>\n<p class=\"c5\">Combler ce vide est tache d\u00e9licate, car les r\u00e9volutionnaires exemplaires et les cadres r\u00e9volutionnaires de la taille d\u2019Aziz ne peuvent \u00eatre form\u00e9s ais\u00e9ment et en un laps de temps r\u00e9duit.<\/p>\n<p class=\"c5\">Malgr\u00e9 toutes ces contraintes, nous affirmons \u00e0 Aziz que son Parti\u00a0 et ses camarades du Bureau politique, du Comit\u00e9 central et de toutes les organisations du Parti redoubleront d\u2019efforts pour la victoire des id\u00e9aux pour lesquels il a v\u00e9cu et il est mort, \u00e0 savoir l\u2019unit\u00e9 territoriale, l\u2019ind\u00e9pendance politique et \u00e9conomique, une patrie qui garantisse aux masses laborieuses une vie d\u00e9cente, un Maroc \u00e9voluant dans la responsabilit\u00e9 vers le socialisme seul capable de mettre un terme aux disparit\u00e9s sociales et \u00e0 l\u2019exploitation de l\u2019homme par l\u2019homme.<\/p>\n<p class=\"c5\">Nous promettons \u00e0 notre camarade Aziz Belal de poursuivre notre marche sur la voie qu\u2019il a trac\u00e9e tout au long de trente ann\u00e9es de lutte et que nous ne faillerons jamais \u00e0 notre tache.<\/p>\n<p class=\"c5\"><strong>\u00d4. Aziz<\/strong><\/p>\n<p class=\"c5\">Tu t\u2019es convenablement acquitt\u00e9 de ta t\u00e2che, tu as fait parvenir le message et assum\u00e9 tes responsabilit\u00e9s, tu as tenu parole et tu fus fid\u00e8le \u00e0 ton parti, ton peuple et ta patrie.<\/p>\n<p>Auteur: rahal mehamed<br \/>\n<a href=\"http:\/\/albayane.press.ma\/abdeslam-bourquia-au-40e-jour-de-la-disparition-de-aziz-belal.html\">Cliquez ici pour lire l&rsquo;article depuis sa source.<\/a><\/p>\n","protected":false},"excerpt":{"rendered":"<p>\u00abTu nous a l\u00e9gu\u00e9 une richesse th\u00e9orique et scientifique sans prix\u00bb Je voudrais, au nom du comit\u00e9 central du Parti du progr\u00e8s et du socialisme, exprimer \u00e0 l\u2019ensemble des fr\u00e8res qui, du haut de cette tribune, ont bien voulu, au nom de leurs partis, de leurs organisations et des corps constitu\u00e9s, participer \u00e0 cette c\u00e9r\u00e9monie. [&hellip;]<\/p>\n","protected":false},"author":1760,"featured_media":33399,"comment_status":"closed","ping_status":"closed","sticky":false,"template":"","format":"standard","meta":{"fifu_image_url":"","fifu_image_alt":"","footnotes":""},"categories":[73,54],"tags":[],"class_list":["post-33398","post","type-post","status-publish","format-standard","has-post-thumbnail","hentry","category-actualite","category-maroc"],"_links":{"self":[{"href":"https:\/\/linitiative.ca\/International\/wp-json\/wp\/v2\/posts\/33398","targetHints":{"allow":["GET"]}}],"collection":[{"href":"https:\/\/linitiative.ca\/International\/wp-json\/wp\/v2\/posts"}],"about":[{"href":"https:\/\/linitiative.ca\/International\/wp-json\/wp\/v2\/types\/post"}],"author":[{"embeddable":true,"href":"https:\/\/linitiative.ca\/International\/wp-json\/wp\/v2\/users\/1760"}],"replies":[{"embeddable":true,"href":"https:\/\/linitiative.ca\/International\/wp-json\/wp\/v2\/comments?post=33398"}],"version-history":[{"count":0,"href":"https:\/\/linitiative.ca\/International\/wp-json\/wp\/v2\/posts\/33398\/revisions"}],"wp:featuredmedia":[{"embeddable":true,"href":"https:\/\/linitiative.ca\/International\/wp-json\/"}],"wp:attachment":[{"href":"https:\/\/linitiative.ca\/International\/wp-json\/wp\/v2\/media?parent=33398"}],"wp:term":[{"taxonomy":"category","embeddable":true,"href":"https:\/\/linitiative.ca\/International\/wp-json\/wp\/v2\/categories?post=33398"},{"taxonomy":"post_tag","embeddable":true,"href":"https:\/\/linitiative.ca\/International\/wp-json\/wp\/v2\/tags?post=33398"}],"curies":[{"name":"wp","href":"https:\/\/api.w.org\/{rel}","templated":true}]}}