{"id":33403,"date":"2019-05-10T04:07:22","date_gmt":"2019-05-10T08:07:22","guid":{"rendered":"https:\/\/linitiative.ca\/International\/conseil-daffaires-tuniso-africain-appel-a-accelerer-la-ratification-de-la-zleca\/"},"modified":"2019-05-10T04:07:22","modified_gmt":"2019-05-10T08:07:22","slug":"conseil-daffaires-tuniso-africain-appel-a-accelerer-la-ratification-de-la-zleca","status":"publish","type":"post","link":"https:\/\/linitiative.ca\/International\/conseil-daffaires-tuniso-africain-appel-a-accelerer-la-ratification-de-la-zleca\/","title":{"rendered":"Conseil d\u2019Affaires tuniso-africain : Appel \u00e0 acc\u00e9l\u00e9rer la ratification de la ZLECA"},"content":{"rendered":"<p>Le secr\u00e9taire g\u00e9n\u00e9ral du Conseil d\u2019Affaires tuniso-africain (TABC), Anis Jaziri a appel\u00e9 \u00e0 l\u2019acc\u00e9l\u00e9ration de la ratification de la Zone de libre-\u00e9change continentale africaine (ZLECA) afin de faciliter l\u2019acc\u00e8s des entreprises tunisiennes aux march\u00e9s africains (investissement, commerce..), \u00e9tant donn\u00e9 la tendance haussi\u00e8re des \u00e9conomies africaines.<\/p>\n<p>Il a mis l\u2019accent sur l\u2019importance de cette convention qui a \u00e9t\u00e9 adopt\u00e9e par 22 pays membres de l\u2019Union africaine parmi les 44 pays signataires pour la cr\u00e9ation de la ZLECA dans le but d\u2019appuyer les \u00e9changes commerciaux avec les pays africains.<\/p>\n<p>\u00bb La ZLECA, qui entrera en vigueur apr\u00e8s la ratification de 22 pays, renforcera l\u2019adh\u00e9sion de la Tunisie au March\u00e9 commun de l\u2019Afrique orientale et australe (COMESA) ce qui permettra de d\u00e9velopper le commerce tuniso-africain et de contribuer \u00e0 booster l\u2019emploi des jeunes \u00bb, a encore soulign\u00e9 Jaziri.<\/p>\n<p>Le ministre des Affaires \u00e9trang\u00e8res, Kh\u00e9maiesJhinaoui avait sign\u00e9, le 21 mars 2018, \u00e0 Kigali (Rwanda), l\u2019accord cr\u00e9ant la Zone de libre-\u00e9change continentale (ZLECA), lors de sa participation \u00e0 la r\u00e9union extraordinaire de l\u2019Union africaine.<\/p>\n<p>La ZLECA vise \u00e0 supprimer les barri\u00e8res douani\u00e8res entre les Etats africains, en laissant libre cours \u00e0 chaque pays d\u2019appliquer sa politique commerciale. Sa finalit\u00e9 est de doubler le commerce intra-africain avec un profit annuel d\u2019environ 35 milliards de dollars, d\u2019ici 2021.<\/p>\n<p>La ZLECA s\u2019\u00e9tendra sur un march\u00e9 africain de 1,2 milliard de personnes, repr\u00e9sentant un produit int\u00e9rieur brut (PIB) de 2, 5 trillion dollars.<\/p>\n<p>Le dernier rapport du Fonds mon\u00e9taire international (FMI) a soulign\u00e9 une reprise \u00e9conomique en Afrique subsaharienne, avec un taux de croissance de 3,5% en 2019 contre 3% en 2018.<\/p>\n<p>Dans son rapport, le FMI a appel\u00e9 les pays africains \u00e0 aller de l\u2019avant avec le lancement de la ZLECA laquelle pourrait apporter des changements positifs au continent africain.<\/p>\n<p class=\"dpsp-share-text\">Partager c&rsquo;est aimer!<\/p>\n<div class=\"wp-post-author-wrap wp-post-author-shortcode left\">\n<h3 class=\"awpa-title\"\/>\n<div class=\"wp-post-author\">\n<div class=\"awpa-img awpa-author-block square\"><a href=\"http:\/\/lexpertjournal.net\/fr\/author\/expert\/\"><img loading=\"lazy\" decoding=\"async\" alt=\"\" src=\"http:\/\/2.gravatar.com\/avatar\/56d99be2a6f97af88ccb49fada637fcd?s=150&#038;d=mm&#038;r=g\" srcset=\"http:\/\/2.gravatar.com\/avatar\/56d99be2a6f97af88ccb49fada637fcd?s=300&#038;d=mm&#038;r=g 2x\" class=\"avatar avatar-150 photo\" height=\"150\" width=\"150\"\/><\/a><\/div>\n<\/div>\n<\/div>\n<p>Auteur: L&rsquo;expert<br \/>\n<a href=\"http:\/\/lexpertjournal.net\/fr\/2019\/05\/10\/conseil-daffaires-tuniso-africain-appel-a-accelerer-la-ratification-de-la-zleca\/\">Cliquez ici pour lire l&rsquo;article depuis sa source.<\/a><\/p>\n","protected":false},"excerpt":{"rendered":"<p>Le secr\u00e9taire g\u00e9n\u00e9ral du Conseil d\u2019Affaires tuniso-africain (TABC), Anis Jaziri a appel\u00e9 \u00e0 l\u2019acc\u00e9l\u00e9ration de la ratification de la Zone de libre-\u00e9change continentale africaine (ZLECA) afin de faciliter l\u2019acc\u00e8s des entreprises tunisiennes aux march\u00e9s africains (investissement, commerce..), \u00e9tant donn\u00e9 la tendance haussi\u00e8re des \u00e9conomies africaines. Il a mis l\u2019accent sur l\u2019importance de cette convention qui [&hellip;]<\/p>\n","protected":false},"author":1775,"featured_media":0,"comment_status":"closed","ping_status":"closed","sticky":false,"template":"","format":"standard","meta":{"fifu_image_url":"","fifu_image_alt":"","footnotes":""},"categories":[78,55],"tags":[],"class_list":["post-33403","post","type-post","status-publish","format-standard","hentry","category-economie","category-tunisie"],"_links":{"self":[{"href":"https:\/\/linitiative.ca\/International\/wp-json\/wp\/v2\/posts\/33403","targetHints":{"allow":["GET"]}}],"collection":[{"href":"https:\/\/linitiative.ca\/International\/wp-json\/wp\/v2\/posts"}],"about":[{"href":"https:\/\/linitiative.ca\/International\/wp-json\/wp\/v2\/types\/post"}],"author":[{"embeddable":true,"href":"https:\/\/linitiative.ca\/International\/wp-json\/wp\/v2\/users\/1775"}],"replies":[{"embeddable":true,"href":"https:\/\/linitiative.ca\/International\/wp-json\/wp\/v2\/comments?post=33403"}],"version-history":[{"count":0,"href":"https:\/\/linitiative.ca\/International\/wp-json\/wp\/v2\/posts\/33403\/revisions"}],"wp:attachment":[{"href":"https:\/\/linitiative.ca\/International\/wp-json\/wp\/v2\/media?parent=33403"}],"wp:term":[{"taxonomy":"category","embeddable":true,"href":"https:\/\/linitiative.ca\/International\/wp-json\/wp\/v2\/categories?post=33403"},{"taxonomy":"post_tag","embeddable":true,"href":"https:\/\/linitiative.ca\/International\/wp-json\/wp\/v2\/tags?post=33403"}],"curies":[{"name":"wp","href":"https:\/\/api.w.org\/{rel}","templated":true}]}}