{"id":33404,"date":"2019-05-10T04:10:34","date_gmt":"2019-05-10T08:10:34","guid":{"rendered":"https:\/\/linitiative.ca\/International\/assistance-a-la-bct-dans-le-secteur-financier-signature-dune-convention-de-cooperation-avec-la-suisse\/"},"modified":"2019-05-10T04:10:34","modified_gmt":"2019-05-10T08:10:34","slug":"assistance-a-la-bct-dans-le-secteur-financier-signature-dune-convention-de-cooperation-avec-la-suisse","status":"publish","type":"post","link":"https:\/\/linitiative.ca\/International\/assistance-a-la-bct-dans-le-secteur-financier-signature-dune-convention-de-cooperation-avec-la-suisse\/","title":{"rendered":"Assistance \u00e0 la BCT dans le secteur financier : Signature d\u2019une convention de coop\u00e9ration avec la Suisse"},"content":{"rendered":"<p>Une convention de coop\u00e9ration vient d\u2019\u00eatre sign\u00e9epar la Banque Centrale de Tunisie (BCT) et l\u2019ambassade de Suisse en Tunisie, couvrant la deuxi\u00e8me phase du programme d\u2019assistance technique BCC (Bilateral Assistance and CapacityBuidings for Central Banks) appuy\u00e9 par le Secr\u00e9tariat d\u2019Etat \u00e0 l\u2019Economie Suisse.<\/p>\n<p>\u00ab Cet accord, destin\u00e9 au renforcement des capacit\u00e9s des cadres au sein des banques centrales, porte sur divers volets notamment la stabilit\u00e9 financi\u00e8re, la politique mon\u00e9taire et le d\u00e9veloppement de la Recherche \u00bb, selon un communiqu\u00e9 publi\u00e9 par la BCT.<\/p>\n<p>Le programme d\u2019assistance technique BCC sera mis en \u0153uvre par l\u2019Institut des Hautes Etudes Internationales et du D\u00e9veloppement de Gen\u00e8ve (IHEID) et s\u2019\u00e9tendra jusqu\u2019\u00e0 2022.<\/p>\n<p>A cette occasion, l\u2019ambassadeur de Suisse en Tunisie, Etienne Th\u00e9voz, a mis en \u00e9vidence l\u2019importance des relations entre la Conf\u00e9d\u00e9ration suisse et la Tunisie tout en soulignant la priorit\u00e9 accord\u00e9e par son Gouvernement au soutien de la Tunisie.<\/p>\n<p>Pour sa part, le gouverneur de la BCT, Marouane El Abassi, a relev\u00e9 l\u2019importance et l\u2019efficacit\u00e9 de cette coop\u00e9ration Tuniso-Suisse et sa contribution dans le renforcement des capacit\u00e9s institutionnelles de la BCT et le d\u00e9veloppement des comp\u00e9tences des cadres de l\u2019Institut d\u2019\u00e9mission.<\/p>\n<p class=\"dpsp-share-text\">Partager c&rsquo;est aimer!<\/p>\n<div class=\"wp-post-author-wrap wp-post-author-shortcode left\">\n<h3 class=\"awpa-title\"\/>\n<div class=\"wp-post-author\">\n<div class=\"awpa-img awpa-author-block square\"><a href=\"http:\/\/lexpertjournal.net\/fr\/author\/expert\/\"><img loading=\"lazy\" decoding=\"async\" alt=\"\" src=\"http:\/\/2.gravatar.com\/avatar\/56d99be2a6f97af88ccb49fada637fcd?s=150&#038;d=mm&#038;r=g\" srcset=\"http:\/\/2.gravatar.com\/avatar\/56d99be2a6f97af88ccb49fada637fcd?s=300&#038;d=mm&#038;r=g 2x\" class=\"avatar avatar-150 photo\" height=\"150\" width=\"150\"\/><\/a><\/div>\n<\/div>\n<\/div>\n<p>Auteur: L&rsquo;expert<br \/>\n<a href=\"http:\/\/lexpertjournal.net\/fr\/2019\/05\/10\/assistance-a-la-bct-dans-le-secteur-financier-signature-dune-convention-de-cooperation-avec-la-suisse\/\">Cliquez ici pour lire l&rsquo;article depuis sa source.<\/a><\/p>\n","protected":false},"excerpt":{"rendered":"<p>Une convention de coop\u00e9ration vient d\u2019\u00eatre sign\u00e9epar la Banque Centrale de Tunisie (BCT) et l\u2019ambassade de Suisse en Tunisie, couvrant la deuxi\u00e8me phase du programme d\u2019assistance technique BCC (Bilateral Assistance and CapacityBuidings for Central Banks) appuy\u00e9 par le Secr\u00e9tariat d\u2019Etat \u00e0 l\u2019Economie Suisse. \u00ab Cet accord, destin\u00e9 au renforcement des capacit\u00e9s des cadres au sein [&hellip;]<\/p>\n","protected":false},"author":1775,"featured_media":0,"comment_status":"closed","ping_status":"closed","sticky":false,"template":"","format":"standard","meta":{"fifu_image_url":"","fifu_image_alt":"","footnotes":""},"categories":[78,55],"tags":[],"class_list":["post-33404","post","type-post","status-publish","format-standard","hentry","category-economie","category-tunisie"],"_links":{"self":[{"href":"https:\/\/linitiative.ca\/International\/wp-json\/wp\/v2\/posts\/33404","targetHints":{"allow":["GET"]}}],"collection":[{"href":"https:\/\/linitiative.ca\/International\/wp-json\/wp\/v2\/posts"}],"about":[{"href":"https:\/\/linitiative.ca\/International\/wp-json\/wp\/v2\/types\/post"}],"author":[{"embeddable":true,"href":"https:\/\/linitiative.ca\/International\/wp-json\/wp\/v2\/users\/1775"}],"replies":[{"embeddable":true,"href":"https:\/\/linitiative.ca\/International\/wp-json\/wp\/v2\/comments?post=33404"}],"version-history":[{"count":0,"href":"https:\/\/linitiative.ca\/International\/wp-json\/wp\/v2\/posts\/33404\/revisions"}],"wp:attachment":[{"href":"https:\/\/linitiative.ca\/International\/wp-json\/wp\/v2\/media?parent=33404"}],"wp:term":[{"taxonomy":"category","embeddable":true,"href":"https:\/\/linitiative.ca\/International\/wp-json\/wp\/v2\/categories?post=33404"},{"taxonomy":"post_tag","embeddable":true,"href":"https:\/\/linitiative.ca\/International\/wp-json\/wp\/v2\/tags?post=33404"}],"curies":[{"name":"wp","href":"https:\/\/api.w.org\/{rel}","templated":true}]}}