{"id":33408,"date":"2019-05-10T04:21:39","date_gmt":"2019-05-10T08:21:39","guid":{"rendered":"https:\/\/linitiative.ca\/International\/le-beau-temps-aidant-interpellation-dune-trentaine-de-candidats-a-la-migration-clandestine\/"},"modified":"2019-05-10T04:21:39","modified_gmt":"2019-05-10T08:21:39","slug":"le-beau-temps-aidant-interpellation-dune-trentaine-de-candidats-a-la-migration-clandestine","status":"publish","type":"post","link":"https:\/\/linitiative.ca\/International\/le-beau-temps-aidant-interpellation-dune-trentaine-de-candidats-a-la-migration-clandestine\/","title":{"rendered":"Le beau temps aidant Interpellation d\u2019une trentaine de candidats \u00e0 la migration clandestine"},"content":{"rendered":"<p>Le retour du beau temps aide les candidats \u00e0 l\u2019\u00e9migration clandestine \u00e0 tenter leurs chances, pour atteindre les c\u00f4tes europ\u00e9ennes, mais les brigades de la Garde nationale veillent au grain et ceux de Nabeul, M\u00e9denine et Sfax ont fait avorter de nombreuses tentatives, notamment celles d\u2019une trentaine de candidats \u00e0 la migration clandestine.<\/p>\n<p>Selon des communiqu\u00e9s du minist\u00e8re de l\u2019Int\u00e9rieur, une patrouille mixte relevant du district de la Garde nationale de M\u00e9denine a surpris 7 individus de diff\u00e9rentes nationalit\u00e9s africaines qui \u00e9taient sur le point de franchir, clandestinement, la fronti\u00e8re avec la Libye.<\/p>\n<p>Les personnes en question ont \u00e9t\u00e9 plac\u00e9es en garde \u00e0 vue avant de les transf\u00e9rer au Croissant rouge de M\u00e9denine.<\/p>\n<p>A Nabeul, une patrouille mixte relevant de la Garde maritime a arr\u00eat\u00e9 7 individus \u00e0 bord d\u2019une voiture, \u00e2g\u00e9s entre 17 et 42 ans originaires des gouvernorats de Nabeul et Gafsa. Ils ont reconnu avoir planifi\u00e9 de franchir les fronti\u00e8res maritimes illicitement, \u00e0 partir des cotes de K\u00e9libia.<\/p>\n<p>Ils ont \u00e9t\u00e9 transf\u00e9r\u00e9s \u00e0 la brigade de renseignements maritimes de la Garde nationale de la r\u00e9gion pour poursuivre l\u2019enqu\u00eate.<\/p>\n<p>Une autre patrouille relevant de la brigade des recherches et d\u2019investigation de la Garde nationale \u00e0 J\u00e9beniana (gouvernorat de Sfax) a interpell\u00e9 16 individus de diff\u00e9rentes nationalit\u00e9s africaines au niveau des c\u00f4tes d\u2019El Amra. Ils ont reconnu avoir planifi\u00e9 de prendre le large pour atteindre les c\u00f4tes europ\u00e9ennes.<\/p>\n<p class=\"dpsp-share-text\">Partager c&rsquo;est aimer!<\/p>\n<div class=\"wp-post-author-wrap wp-post-author-shortcode left\">\n<h3 class=\"awpa-title\"\/>\n<div class=\"wp-post-author\">\n<div class=\"awpa-img awpa-author-block square\"><a href=\"http:\/\/lexpertjournal.net\/fr\/author\/expert\/\"><img loading=\"lazy\" decoding=\"async\" alt=\"\" src=\"http:\/\/2.gravatar.com\/avatar\/56d99be2a6f97af88ccb49fada637fcd?s=150&#038;d=mm&#038;r=g\" srcset=\"http:\/\/2.gravatar.com\/avatar\/56d99be2a6f97af88ccb49fada637fcd?s=300&#038;d=mm&#038;r=g 2x\" class=\"avatar avatar-150 photo\" height=\"150\" width=\"150\"\/><\/a><\/div>\n<\/div>\n<\/div>\n<p>Auteur: L&rsquo;expert<br \/>\n<a href=\"http:\/\/lexpertjournal.net\/fr\/2019\/05\/10\/le-beau-temps-aidant-interpellation-dune-trentaine-de-candidats-a-la-migration-clandestine\/\">Cliquez ici pour lire l&rsquo;article depuis sa source.<\/a><\/p>\n","protected":false},"excerpt":{"rendered":"<p>Le retour du beau temps aide les candidats \u00e0 l\u2019\u00e9migration clandestine \u00e0 tenter leurs chances, pour atteindre les c\u00f4tes europ\u00e9ennes, mais les brigades de la Garde nationale veillent au grain et ceux de Nabeul, M\u00e9denine et Sfax ont fait avorter de nombreuses tentatives, notamment celles d\u2019une trentaine de candidats \u00e0 la migration clandestine. Selon des [&hellip;]<\/p>\n","protected":false},"author":1775,"featured_media":0,"comment_status":"closed","ping_status":"closed","sticky":false,"template":"","format":"standard","meta":{"fifu_image_url":"","fifu_image_alt":"","footnotes":""},"categories":[78,55],"tags":[],"class_list":["post-33408","post","type-post","status-publish","format-standard","hentry","category-economie","category-tunisie"],"_links":{"self":[{"href":"https:\/\/linitiative.ca\/International\/wp-json\/wp\/v2\/posts\/33408","targetHints":{"allow":["GET"]}}],"collection":[{"href":"https:\/\/linitiative.ca\/International\/wp-json\/wp\/v2\/posts"}],"about":[{"href":"https:\/\/linitiative.ca\/International\/wp-json\/wp\/v2\/types\/post"}],"author":[{"embeddable":true,"href":"https:\/\/linitiative.ca\/International\/wp-json\/wp\/v2\/users\/1775"}],"replies":[{"embeddable":true,"href":"https:\/\/linitiative.ca\/International\/wp-json\/wp\/v2\/comments?post=33408"}],"version-history":[{"count":0,"href":"https:\/\/linitiative.ca\/International\/wp-json\/wp\/v2\/posts\/33408\/revisions"}],"wp:attachment":[{"href":"https:\/\/linitiative.ca\/International\/wp-json\/wp\/v2\/media?parent=33408"}],"wp:term":[{"taxonomy":"category","embeddable":true,"href":"https:\/\/linitiative.ca\/International\/wp-json\/wp\/v2\/categories?post=33408"},{"taxonomy":"post_tag","embeddable":true,"href":"https:\/\/linitiative.ca\/International\/wp-json\/wp\/v2\/tags?post=33408"}],"curies":[{"name":"wp","href":"https:\/\/api.w.org\/{rel}","templated":true}]}}