{"id":33418,"date":"2019-05-10T06:00:00","date_gmt":"2019-05-10T10:00:00","guid":{"rendered":"https:\/\/linitiative.ca\/International\/lesplanade-de-la-grande-poste-deja-pleine-de-monde\/"},"modified":"2019-05-10T06:00:00","modified_gmt":"2019-05-10T10:00:00","slug":"lesplanade-de-la-grande-poste-deja-pleine-de-monde","status":"publish","type":"post","link":"https:\/\/linitiative.ca\/International\/lesplanade-de-la-grande-poste-deja-pleine-de-monde\/","title":{"rendered":"L\u2019esplanade de la Grande poste d\u00e9j\u00e0 pleine de monde"},"content":{"rendered":"<div id=\"originalText\" readability=\"59\">\n<p>Les manifestations pour le d\u00e9part de tout le syst\u00e8me ont commenc\u00e9 t\u00f4t dans la matin\u00e9e de ce 12e vendredi de marche, \u00e0 Alger.\u00a0<\/p>\n<p>Alors que le dispositif s\u00e9curitaire habituel n\u2019\u00e9tait m\u00eame pas encore d\u00e9ploy\u00e9 sur les art\u00e8res de la capitale, plus d\u2019une centaines de manifestants se sont regroup\u00e9s, vers 9h, sur l\u2019esplanade de la grande poste d\u2019Alger.<\/p>\n<p>L\u2019embl\u00e8me national et le drapeau berb\u00e8re flottent au vent, pendant que les manifestants scandent \u00abklitou lebled ya serakine (Vous avez pill\u00e9 le pays, bande de voleurs)\u00bb, ou alors \u00abGa\u00efd Salah d\u00e9gage\u00bb.\u00a0<\/p>\n<p><iframe loading=\"lazy\" allowfullscreen=\"true\" allowtransparency=\"true\" frameborder=\"0\" height=\"323\" scrolling=\"no\" src=\"https:\/\/www.facebook.com\/plugins\/video.php?href=https%3A%2F%2Fwww.facebook.com%2FJournaLiberteOfficiel%2Fvideos%2F651242215328776%2F&#038;show_text=0&#038;width=560\" class=\"c10\" width=\"560\">[embedded content]<\/iframe>Visiblement pris de cours, les forces de l\u2019ordre ne commen\u00e7aient \u00e0 arriver sur les lieux qu\u2019\u00e0 partir de 9h30, alors que le nombre de\u00a0manifestants ne cessait d\u2019augmenter.<\/p>\n<p>Quelques policiers se sont d\u2019ailleurs faufil\u00e9\u00a0parmi les manifestants pour tenter d\u2019arracher une banderole hostile au chef d\u2019\u00e9tat-major de l\u2019arm\u00e9e, Ahmed Ga\u00efd Salah, mais les manifestants ont fait preuve de r\u00e9sistance.\u00a0<\/p>\n<p><iframe loading=\"lazy\" allowfullscreen=\"true\" allowtransparency=\"true\" frameborder=\"0\" height=\"323\" scrolling=\"no\" src=\"https:\/\/www.facebook.com\/plugins\/video.php?href=https%3A%2F%2Fwww.facebook.com%2FJournaLiberteOfficiel%2Fvideos%2F2328164460842914%2F&#038;show_text=0&#038;width=560\" class=\"c10\" width=\"560\">[embedded content]<\/iframe><\/p>\n<p class=\"c11\"><strong>R\u00e9daction Web<\/strong><\/p>\n<\/div>\n<div id=\"text_core\" readability=\"59\">\n<p>Les manifestations pour le d\u00e9part de tout le syst\u00e8me ont commenc\u00e9 t\u00f4t dans la matin\u00e9e de ce 12e vendredi de marche, \u00e0 Alger.\u00a0<\/p>\n<p>Alors que le dispositif s\u00e9curitaire habituel n\u2019\u00e9tait m\u00eame pas encore d\u00e9ploy\u00e9 sur les art\u00e8res de la capitale, plus d\u2019une centaines de manifestants se sont regroup\u00e9s, vers 9h, sur l\u2019esplanade de la grande poste d\u2019Alger.<\/p>\n<p>L\u2019embl\u00e8me national et le drapeau berb\u00e8re flottent au vent, pendant que les manifestants scandent \u00abklitou lebled ya serakine (Vous avez pill\u00e9 le pays, bande de voleurs)\u00bb, ou alors \u00abGa\u00efd Salah d\u00e9gage\u00bb.\u00a0<\/p>\n<p><iframe loading=\"lazy\" allowfullscreen=\"true\" allowtransparency=\"true\" frameborder=\"0\" height=\"323\" scrolling=\"no\" src=\"https:\/\/www.facebook.com\/plugins\/video.php?href=https%3A%2F%2Fwww.facebook.com%2FJournaLiberteOfficiel%2Fvideos%2F651242215328776%2F&#038;show_text=0&#038;width=560\" class=\"c10\" width=\"560\">[embedded content]<\/iframe>Visiblement pris de cours, les forces de l\u2019ordre ne commen\u00e7aient \u00e0 arriver sur les lieux qu\u2019\u00e0 partir de 9h30, alors que le nombre de\u00a0manifestants ne cessait d\u2019augmenter.<\/p>\n<p>Quelques policiers se sont d\u2019ailleurs faufil\u00e9\u00a0parmi les manifestants pour tenter d\u2019arracher une banderole hostile au chef d\u2019\u00e9tat-major de l\u2019arm\u00e9e, Ahmed Ga\u00efd Salah, mais les manifestants ont fait preuve de r\u00e9sistance.\u00a0<\/p>\n<p><iframe loading=\"lazy\" allowfullscreen=\"true\" allowtransparency=\"true\" frameborder=\"0\" height=\"323\" scrolling=\"no\" src=\"https:\/\/www.facebook.com\/plugins\/video.php?href=https%3A%2F%2Fwww.facebook.com%2FJournaLiberteOfficiel%2Fvideos%2F2328164460842914%2F&#038;show_text=0&#038;width=560\" class=\"c10\" width=\"560\">[embedded content]<\/iframe><\/p>\n<p class=\"c11\"><strong>R\u00e9daction Web<\/strong><\/p>\n<\/div>\n<p>Auteur:<br \/>\n<a href=\"https:\/\/www.liberte-algerie.com\/actualite\/lesplanade-de-la-grande-poste-deja-pleine-de-monde-315523\">Cliquez ici pour lire l&rsquo;article depuis sa source.<\/a><\/p>\n","protected":false},"excerpt":{"rendered":"<p>Les manifestations pour le d\u00e9part de tout le syst\u00e8me ont commenc\u00e9 t\u00f4t dans la matin\u00e9e de ce 12e vendredi de marche, \u00e0 Alger.\u00a0 Alors que le dispositif s\u00e9curitaire habituel n\u2019\u00e9tait m\u00eame pas encore d\u00e9ploy\u00e9 sur les art\u00e8res de la capitale, plus d\u2019une centaines de manifestants se sont regroup\u00e9s, vers 9h, sur l\u2019esplanade de la grande [&hellip;]<\/p>\n","protected":false},"author":1742,"featured_media":0,"comment_status":"closed","ping_status":"closed","sticky":false,"template":"","format":"standard","meta":{"fifu_image_url":"","fifu_image_alt":"","footnotes":""},"categories":[73,53],"tags":[],"class_list":["post-33418","post","type-post","status-publish","format-standard","hentry","category-actualite","category-algerie"],"_links":{"self":[{"href":"https:\/\/linitiative.ca\/International\/wp-json\/wp\/v2\/posts\/33418","targetHints":{"allow":["GET"]}}],"collection":[{"href":"https:\/\/linitiative.ca\/International\/wp-json\/wp\/v2\/posts"}],"about":[{"href":"https:\/\/linitiative.ca\/International\/wp-json\/wp\/v2\/types\/post"}],"author":[{"embeddable":true,"href":"https:\/\/linitiative.ca\/International\/wp-json\/wp\/v2\/users\/1742"}],"replies":[{"embeddable":true,"href":"https:\/\/linitiative.ca\/International\/wp-json\/wp\/v2\/comments?post=33418"}],"version-history":[{"count":0,"href":"https:\/\/linitiative.ca\/International\/wp-json\/wp\/v2\/posts\/33418\/revisions"}],"wp:attachment":[{"href":"https:\/\/linitiative.ca\/International\/wp-json\/wp\/v2\/media?parent=33418"}],"wp:term":[{"taxonomy":"category","embeddable":true,"href":"https:\/\/linitiative.ca\/International\/wp-json\/wp\/v2\/categories?post=33418"},{"taxonomy":"post_tag","embeddable":true,"href":"https:\/\/linitiative.ca\/International\/wp-json\/wp\/v2\/tags?post=33418"}],"curies":[{"name":"wp","href":"https:\/\/api.w.org\/{rel}","templated":true}]}}