{"id":33422,"date":"2019-05-10T07:19:00","date_gmt":"2019-05-10T11:19:00","guid":{"rendered":"https:\/\/linitiative.ca\/International\/les-manifestants-contre-un-pouvoir-militaire-pour-un-etat-civil\/"},"modified":"2019-05-10T07:19:00","modified_gmt":"2019-05-10T11:19:00","slug":"les-manifestants-contre-un-pouvoir-militaire-pour-un-etat-civil","status":"publish","type":"post","link":"https:\/\/linitiative.ca\/International\/les-manifestants-contre-un-pouvoir-militaire-pour-un-etat-civil\/","title":{"rendered":"Les manifestants contre un \u00abpouvoir militaire\u00bb, pour un \u00abEtat civil\u00bb"},"content":{"rendered":"<div id=\"originalText\" readability=\"48\">\n<p>Les centaines de manifestants regroup\u00e9s en ce 12e vendredi de marche, \u00e0 la Grande poste d\u2019Alger, ont r\u00e9clam\u00e9 un \u00abEtat civil\u00bb et ont scand\u00e9 des slogans contre l\u2019instauration d\u2019un \u00abpouvoir militaire\u00bb.<\/p>\n<p><iframe loading=\"lazy\" allow=\"accelerometer; autoplay; encrypted-media; gyroscope; picture-in-picture\" allowfullscreen=\"\" frameborder=\"0\" height=\"315\" src=\"https:\/\/www.youtube.com\/embed\/yiHNhaYW4tw\" width=\"560\">[embedded content]<\/iframe><\/p>\n<p>Ils ont aussi d\u00e9nonc\u00e9 l\u2019instauration d\u2019une \u00abcaserne\u00bb\u00a0\u00e0 la place d\u2019une \u00abr\u00e9publique\u00bb.<\/p>\n<p><iframe loading=\"lazy\" allow=\"accelerometer; autoplay; encrypted-media; gyroscope; picture-in-picture\" allowfullscreen=\"\" frameborder=\"0\" height=\"315\" src=\"https:\/\/www.youtube.com\/embed\/yCassQHUtUw\" width=\"560\">[embedded content]<\/iframe><\/p>\n<p>A signaler \u00e9galement\u00a0que peu avant midi, les forces de l\u2019ordre sont revenues \u00e0 la charge, pour tenter d&rsquo;arracher l\u2019imposante banderole hostile \u00e0 Ahmed Ga\u00efd Salah, que les manifestants ont plac\u00e9 sur l\u2019esplanade de la Grande Poste, mais sans succ\u00e8s.<\/p>\n<p>Les manifestants prot\u00e8gent bien leur carr\u00e9.<\/p>\n<p><iframe loading=\"lazy\" allow=\"accelerometer; autoplay; encrypted-media; gyroscope; picture-in-picture\" allowfullscreen=\"\" frameborder=\"0\" height=\"315\" src=\"https:\/\/www.youtube.com\/embed\/7U0V3Gd6PGg\" width=\"560\">[embedded content]<\/iframe><\/p>\n<p class=\"c10\"><strong>R\u00e9daction Web<\/strong><\/p>\n<\/div>\n<div id=\"text_core\" readability=\"48\">\n<p>Les centaines de manifestants regroup\u00e9s en ce 12e vendredi de marche, \u00e0 la Grande poste d\u2019Alger, ont r\u00e9clam\u00e9 un \u00abEtat civil\u00bb et ont scand\u00e9 des slogans contre l\u2019instauration d\u2019un \u00abpouvoir militaire\u00bb.<\/p>\n<p><iframe loading=\"lazy\" allow=\"accelerometer; autoplay; encrypted-media; gyroscope; picture-in-picture\" allowfullscreen=\"\" frameborder=\"0\" height=\"315\" src=\"https:\/\/www.youtube.com\/embed\/yiHNhaYW4tw\" width=\"560\">[embedded content]<\/iframe><\/p>\n<p>Ils ont aussi d\u00e9nonc\u00e9 l\u2019instauration d\u2019une \u00abcaserne\u00bb\u00a0\u00e0 la place d\u2019une \u00abr\u00e9publique\u00bb.<\/p>\n<p><iframe loading=\"lazy\" allow=\"accelerometer; autoplay; encrypted-media; gyroscope; picture-in-picture\" allowfullscreen=\"\" frameborder=\"0\" height=\"315\" src=\"https:\/\/www.youtube.com\/embed\/yCassQHUtUw\" width=\"560\">[embedded content]<\/iframe><\/p>\n<p>A signaler \u00e9galement\u00a0que peu avant midi, les forces de l\u2019ordre sont revenues \u00e0 la charge, pour tenter d&rsquo;arracher l\u2019imposante banderole hostile \u00e0 Ahmed Ga\u00efd Salah, que les manifestants ont plac\u00e9 sur l\u2019esplanade de la Grande Poste, mais sans succ\u00e8s.<\/p>\n<p>Les manifestants prot\u00e8gent bien leur carr\u00e9.<\/p>\n<p><iframe loading=\"lazy\" allow=\"accelerometer; autoplay; encrypted-media; gyroscope; picture-in-picture\" allowfullscreen=\"\" frameborder=\"0\" height=\"315\" src=\"https:\/\/www.youtube.com\/embed\/7U0V3Gd6PGg\" width=\"560\">[embedded content]<\/iframe><\/p>\n<p class=\"c10\"><strong>R\u00e9daction Web<\/strong><\/p>\n<\/div>\n<p>Auteur:<br \/>\n<a href=\"https:\/\/www.liberte-algerie.com\/actualite\/les-manifestants-contre-un-pouvoir-militaire-pour-un-etat-civil-315524\">Cliquez ici pour lire l&rsquo;article depuis sa source.<\/a><\/p>\n","protected":false},"excerpt":{"rendered":"<p>Les centaines de manifestants regroup\u00e9s en ce 12e vendredi de marche, \u00e0 la Grande poste d\u2019Alger, ont r\u00e9clam\u00e9 un \u00abEtat civil\u00bb et ont scand\u00e9 des slogans contre l\u2019instauration d\u2019un \u00abpouvoir militaire\u00bb. [embedded content] Ils ont aussi d\u00e9nonc\u00e9 l\u2019instauration d\u2019une \u00abcaserne\u00bb\u00a0\u00e0 la place d\u2019une \u00abr\u00e9publique\u00bb. [embedded content] A signaler \u00e9galement\u00a0que peu avant midi, les forces de [&hellip;]<\/p>\n","protected":false},"author":1742,"featured_media":0,"comment_status":"closed","ping_status":"closed","sticky":false,"template":"","format":"standard","meta":{"fifu_image_url":"","fifu_image_alt":"","footnotes":""},"categories":[73,53],"tags":[],"class_list":["post-33422","post","type-post","status-publish","format-standard","hentry","category-actualite","category-algerie"],"_links":{"self":[{"href":"https:\/\/linitiative.ca\/International\/wp-json\/wp\/v2\/posts\/33422","targetHints":{"allow":["GET"]}}],"collection":[{"href":"https:\/\/linitiative.ca\/International\/wp-json\/wp\/v2\/posts"}],"about":[{"href":"https:\/\/linitiative.ca\/International\/wp-json\/wp\/v2\/types\/post"}],"author":[{"embeddable":true,"href":"https:\/\/linitiative.ca\/International\/wp-json\/wp\/v2\/users\/1742"}],"replies":[{"embeddable":true,"href":"https:\/\/linitiative.ca\/International\/wp-json\/wp\/v2\/comments?post=33422"}],"version-history":[{"count":0,"href":"https:\/\/linitiative.ca\/International\/wp-json\/wp\/v2\/posts\/33422\/revisions"}],"wp:attachment":[{"href":"https:\/\/linitiative.ca\/International\/wp-json\/wp\/v2\/media?parent=33422"}],"wp:term":[{"taxonomy":"category","embeddable":true,"href":"https:\/\/linitiative.ca\/International\/wp-json\/wp\/v2\/categories?post=33422"},{"taxonomy":"post_tag","embeddable":true,"href":"https:\/\/linitiative.ca\/International\/wp-json\/wp\/v2\/tags?post=33422"}],"curies":[{"name":"wp","href":"https:\/\/api.w.org\/{rel}","templated":true}]}}