{"id":33425,"date":"2019-05-10T08:16:00","date_gmt":"2019-05-10T12:16:00","guid":{"rendered":"https:\/\/linitiative.ca\/International\/le-debut-des-manifestations-a-alger-en-images\/"},"modified":"2019-05-10T08:16:00","modified_gmt":"2019-05-10T12:16:00","slug":"le-debut-des-manifestations-a-alger-en-images","status":"publish","type":"post","link":"https:\/\/linitiative.ca\/International\/le-debut-des-manifestations-a-alger-en-images\/","title":{"rendered":"le d\u00e9but des manifestations \u00e0 Alger en images"},"content":{"rendered":"<div id=\"originalText\" readability=\"39\">\n<p>Les contraintes du je\u00fbne et de la chaleur n\u2019ont pas emp\u00each\u00e9 les alg\u00e9riens d\u2019investir la rue, pour ce 12e vendredi de marche, \u00e0 Alger. S\u00e9lection photos du d\u00e9but des manifestations, \u00e0 l\u2019esplanade de la Grande Poste.<\/p>\n<p><img decoding=\"async\" alt=\"\" src=\"\/data\/upload\/59932487_1768103190001518_5695283108744527872_n.jpg\" class=\"c10\"\/><\/p>\n<p><img decoding=\"async\" alt=\"\" src=\"\/data\/upload\/59958314_618582188647483_5730507351014768640_n.jpg\" class=\"c11\"\/><\/p>\n<p><img decoding=\"async\" alt=\"\" src=\"\/data\/upload\/59941842_359189734579167_4538504233879601152_n.jpg\" class=\"c10\"\/><\/p>\n<p><img decoding=\"async\" alt=\"\" src=\"\/data\/upload\/59853535_857371367976743_3330149824061243392_n.jpg\"\/><\/p>\n<p><img decoding=\"async\" alt=\"\" src=\"\/data\/upload\/59972284_2216862131959275_6216089352703836160_n.jpg\" class=\"c10\"\/><\/p>\n<p><img decoding=\"async\" alt=\"\" src=\"\/data\/upload\/60135816_879309025735274_7347441140708147200_n.jpg\" class=\"c10\"\/><\/p>\n<p><img decoding=\"async\" alt=\"\" src=\"\/data\/upload\/60204845_2374351032796839_7059100139083792384_n.jpg\" class=\"c10\"\/><\/p>\n<p><img decoding=\"async\" alt=\"\" src=\"\/data\/upload\/59924022_2036313989829263_62770942736072704_n.jpg\" class=\"c10\"\/><\/p>\n<p><img decoding=\"async\" alt=\"\" src=\"\/data\/upload\/60260601_1278152505674443_6995334473332031488_n.jpg\"\/><\/p>\n<p><img decoding=\"async\" alt=\"\" src=\"\/data\/upload\/59977746_798329613872135_2824250191815639040_n.jpg\"\/><\/p>\n<p><img decoding=\"async\" alt=\"\" src=\"\/data\/upload\/60342894_2258247727601150_7511027180768329728_n.jpg\" class=\"c10\"\/><\/p>\n<p><img decoding=\"async\" alt=\"\" src=\"\/data\/upload\/59850485_2172868062795604_1942163844516282368_n.jpg\" class=\"c10\"\/><\/p>\n<p>\u00a9 Im\u00e8ne AMOKRANE pour Libert\u00e9 Web<\/p>\n<\/div>\n<div id=\"text_core\" readability=\"39\">\n<p>Les contraintes du je\u00fbne et de la chaleur n\u2019ont pas emp\u00each\u00e9 les alg\u00e9riens d\u2019investir la rue, pour ce 12e vendredi de marche, \u00e0 Alger. S\u00e9lection photos du d\u00e9but des manifestations, \u00e0 l\u2019esplanade de la Grande Poste.<\/p>\n<p><img decoding=\"async\" alt=\"\" src=\"\/data\/upload\/59932487_1768103190001518_5695283108744527872_n.jpg\" class=\"c10\"\/><\/p>\n<p><img decoding=\"async\" alt=\"\" src=\"\/data\/upload\/59958314_618582188647483_5730507351014768640_n.jpg\" class=\"c11\"\/><\/p>\n<p><img decoding=\"async\" alt=\"\" src=\"\/data\/upload\/59941842_359189734579167_4538504233879601152_n.jpg\" class=\"c10\"\/><\/p>\n<p><img decoding=\"async\" alt=\"\" src=\"\/data\/upload\/59853535_857371367976743_3330149824061243392_n.jpg\"\/><\/p>\n<p><img decoding=\"async\" alt=\"\" src=\"\/data\/upload\/59972284_2216862131959275_6216089352703836160_n.jpg\" class=\"c10\"\/><\/p>\n<p><img decoding=\"async\" alt=\"\" src=\"\/data\/upload\/60135816_879309025735274_7347441140708147200_n.jpg\" class=\"c10\"\/><\/p>\n<p><img decoding=\"async\" alt=\"\" src=\"\/data\/upload\/60204845_2374351032796839_7059100139083792384_n.jpg\" class=\"c10\"\/><\/p>\n<p><img decoding=\"async\" alt=\"\" src=\"\/data\/upload\/59924022_2036313989829263_62770942736072704_n.jpg\" class=\"c10\"\/><\/p>\n<p><img decoding=\"async\" alt=\"\" src=\"\/data\/upload\/60260601_1278152505674443_6995334473332031488_n.jpg\"\/><\/p>\n<p><img decoding=\"async\" alt=\"\" src=\"\/data\/upload\/59977746_798329613872135_2824250191815639040_n.jpg\"\/><\/p>\n<p><img decoding=\"async\" alt=\"\" src=\"\/data\/upload\/60342894_2258247727601150_7511027180768329728_n.jpg\" class=\"c10\"\/><\/p>\n<p><img decoding=\"async\" alt=\"\" src=\"\/data\/upload\/59850485_2172868062795604_1942163844516282368_n.jpg\" class=\"c10\"\/><\/p>\n<p>\u00a9 Im\u00e8ne AMOKRANE pour Libert\u00e9 Web<\/p>\n<\/div>\n<p>Auteur:<br \/>\n<a href=\"https:\/\/www.liberte-algerie.com\/actualite\/le-debut-des-manifestations-a-alger-en-images-315525\">Cliquez ici pour lire l&rsquo;article depuis sa source.<\/a><\/p>\n","protected":false},"excerpt":{"rendered":"<p>Les contraintes du je\u00fbne et de la chaleur n\u2019ont pas emp\u00each\u00e9 les alg\u00e9riens d\u2019investir la rue, pour ce 12e vendredi de marche, \u00e0 Alger. S\u00e9lection photos du d\u00e9but des manifestations, \u00e0 l\u2019esplanade de la Grande Poste. \u00a9 Im\u00e8ne AMOKRANE pour Libert\u00e9 Web Les contraintes du je\u00fbne et de la chaleur n\u2019ont pas emp\u00each\u00e9 les alg\u00e9riens [&hellip;]<\/p>\n","protected":false},"author":1742,"featured_media":33426,"comment_status":"closed","ping_status":"closed","sticky":false,"template":"","format":"standard","meta":{"fifu_image_url":"","fifu_image_alt":"","footnotes":""},"categories":[73,53],"tags":[],"class_list":["post-33425","post","type-post","status-publish","format-standard","has-post-thumbnail","hentry","category-actualite","category-algerie"],"_links":{"self":[{"href":"https:\/\/linitiative.ca\/International\/wp-json\/wp\/v2\/posts\/33425","targetHints":{"allow":["GET"]}}],"collection":[{"href":"https:\/\/linitiative.ca\/International\/wp-json\/wp\/v2\/posts"}],"about":[{"href":"https:\/\/linitiative.ca\/International\/wp-json\/wp\/v2\/types\/post"}],"author":[{"embeddable":true,"href":"https:\/\/linitiative.ca\/International\/wp-json\/wp\/v2\/users\/1742"}],"replies":[{"embeddable":true,"href":"https:\/\/linitiative.ca\/International\/wp-json\/wp\/v2\/comments?post=33425"}],"version-history":[{"count":0,"href":"https:\/\/linitiative.ca\/International\/wp-json\/wp\/v2\/posts\/33425\/revisions"}],"wp:featuredmedia":[{"embeddable":true,"href":"https:\/\/linitiative.ca\/International\/wp-json\/"}],"wp:attachment":[{"href":"https:\/\/linitiative.ca\/International\/wp-json\/wp\/v2\/media?parent=33425"}],"wp:term":[{"taxonomy":"category","embeddable":true,"href":"https:\/\/linitiative.ca\/International\/wp-json\/wp\/v2\/categories?post=33425"},{"taxonomy":"post_tag","embeddable":true,"href":"https:\/\/linitiative.ca\/International\/wp-json\/wp\/v2\/tags?post=33425"}],"curies":[{"name":"wp","href":"https:\/\/api.w.org\/{rel}","templated":true}]}}