{"id":33427,"date":"2019-05-10T10:40:00","date_gmt":"2019-05-10T14:40:00","guid":{"rendered":"https:\/\/linitiative.ca\/International\/une-maree-humaine-afflue-vers-alger-centre\/"},"modified":"2019-05-10T10:40:00","modified_gmt":"2019-05-10T14:40:00","slug":"une-maree-humaine-afflue-vers-alger-centre","status":"publish","type":"post","link":"https:\/\/linitiative.ca\/International\/une-maree-humaine-afflue-vers-alger-centre\/","title":{"rendered":"Une mar\u00e9e humaine afflue vers Alger centre"},"content":{"rendered":"<div id=\"originalText\" readability=\"67\">\n<p>Les milliers de manifestants regroup\u00e9s en ce 12e vendredi de marche, \u00e0 Alger centre, semblent plus que jamais d\u00e9termin\u00e9s \u00e0 faire entendre leurs voix.<\/p>\n<p>Ni les contraintes du je\u00fbne ni celles de la chaleur, n\u2019ont dissuad\u00e9 les alg\u00e9riens \u00e0 investir la rue pour r\u00e9clamer le d\u00e9part de tout le syst\u00e8me.<\/p>\n<p>Les derni\u00e8res mesures prises par l\u2019\u00e9tat-major de l\u2019arm\u00e9e, notamment les arrestations op\u00e9r\u00e9es depuis samedi dernier, n\u2019ont visiblement pas d\u00e9vi\u00e9 les manifestants de leur trajectoire. Ils veulent un changement radical, le d\u00e9part de tous les symboles du pouvoir. Des slogans hostiles au g\u00e9n\u00e9ral de corps d\u2019arm\u00e9e, Ahmed Ga\u00efd Salah, ont \u00e9t\u00e9 d\u2019ailleurs scand\u00e9s par les manifestants.\u00a0<\/p>\n<p>Ainsi donc, \u00a0ils \u00e9taient d\u00e9j\u00e0 plus d\u2019une centaine de manifestants \u00e0 occuper l\u2019esplanade de la Grande Poste d\u2019Alger, d\u00e8s 9h du matin.<\/p>\n<p>Un peu plus tard, peu avant midi, ils se comptaient par milliers. Mais \u00e0 partir de 14h, c\u2019est une v\u00e9ritable mar\u00e9e humaine qui envahissait les art\u00e8res de la capitale.<\/p>\n<p>A 15h, les manifestants affluaient encore \u00e0 la Grande Poste. Plus de monde est attendu, en fin d\u2019apr\u00e8s-midi, lorsque la fraicheur s\u2019installera. Des appels lanc\u00e9s sur les r\u00e9seaux sociaux invitent les alg\u00e9riens \u00e0 sortir \u00e9galement manifester en masse apr\u00e8s le ftour (rupture du je\u00fbne).<\/p>\n<p><iframe loading=\"lazy\" allowfullscreen=\"true\" allowtransparency=\"true\" frameborder=\"0\" height=\"315\" scrolling=\"no\" src=\"https:\/\/www.facebook.com\/plugins\/video.php?href=https%3A%2F%2Fwww.facebook.com%2FJournaLiberteOfficiel%2Fvideos%2F278643759684130%2F&#038;show_text=0&#038;width=560\" class=\"c10\" width=\"560\">[embedded content]<\/iframe><\/p>\n<p class=\"c11\"><strong>R\u00e9daction Web<\/strong><\/p>\n<\/div>\n<div id=\"text_core\" readability=\"67\">\n<p>Les milliers de manifestants regroup\u00e9s en ce 12e vendredi de marche, \u00e0 Alger centre, semblent plus que jamais d\u00e9termin\u00e9s \u00e0 faire entendre leurs voix.<\/p>\n<p>Ni les contraintes du je\u00fbne ni celles de la chaleur, n\u2019ont dissuad\u00e9 les alg\u00e9riens \u00e0 investir la rue pour r\u00e9clamer le d\u00e9part de tout le syst\u00e8me.<\/p>\n<p>Les derni\u00e8res mesures prises par l\u2019\u00e9tat-major de l\u2019arm\u00e9e, notamment les arrestations op\u00e9r\u00e9es depuis samedi dernier, n\u2019ont visiblement pas d\u00e9vi\u00e9 les manifestants de leur trajectoire. Ils veulent un changement radical, le d\u00e9part de tous les symboles du pouvoir. Des slogans hostiles au g\u00e9n\u00e9ral de corps d\u2019arm\u00e9e, Ahmed Ga\u00efd Salah, ont \u00e9t\u00e9 d\u2019ailleurs scand\u00e9s par les manifestants.\u00a0<\/p>\n<p>Ainsi donc, \u00a0ils \u00e9taient d\u00e9j\u00e0 plus d\u2019une centaine de manifestants \u00e0 occuper l\u2019esplanade de la Grande Poste d\u2019Alger, d\u00e8s 9h du matin.<\/p>\n<p>Un peu plus tard, peu avant midi, ils se comptaient par milliers. Mais \u00e0 partir de 14h, c\u2019est une v\u00e9ritable mar\u00e9e humaine qui envahissait les art\u00e8res de la capitale.<\/p>\n<p>A 15h, les manifestants affluaient encore \u00e0 la Grande Poste. Plus de monde est attendu, en fin d\u2019apr\u00e8s-midi, lorsque la fraicheur s\u2019installera. Des appels lanc\u00e9s sur les r\u00e9seaux sociaux invitent les alg\u00e9riens \u00e0 sortir \u00e9galement manifester en masse apr\u00e8s le ftour (rupture du je\u00fbne).<\/p>\n<p><iframe loading=\"lazy\" allowfullscreen=\"true\" allowtransparency=\"true\" frameborder=\"0\" height=\"315\" scrolling=\"no\" src=\"https:\/\/www.facebook.com\/plugins\/video.php?href=https%3A%2F%2Fwww.facebook.com%2FJournaLiberteOfficiel%2Fvideos%2F278643759684130%2F&#038;show_text=0&#038;width=560\" class=\"c10\" width=\"560\">[embedded content]<\/iframe><\/p>\n<p class=\"c11\"><strong>R\u00e9daction Web<\/strong><\/p>\n<\/div>\n<p>Auteur:<br \/>\n<a href=\"https:\/\/www.liberte-algerie.com\/actualite\/une-maree-humaine-afflue-vers-alger-centre-315529\">Cliquez ici pour lire l&rsquo;article depuis sa source.<\/a><\/p>\n","protected":false},"excerpt":{"rendered":"<p>Les milliers de manifestants regroup\u00e9s en ce 12e vendredi de marche, \u00e0 Alger centre, semblent plus que jamais d\u00e9termin\u00e9s \u00e0 faire entendre leurs voix. Ni les contraintes du je\u00fbne ni celles de la chaleur, n\u2019ont dissuad\u00e9 les alg\u00e9riens \u00e0 investir la rue pour r\u00e9clamer le d\u00e9part de tout le syst\u00e8me. Les derni\u00e8res mesures prises par [&hellip;]<\/p>\n","protected":false},"author":1742,"featured_media":0,"comment_status":"closed","ping_status":"closed","sticky":false,"template":"","format":"standard","meta":{"fifu_image_url":"","fifu_image_alt":"","footnotes":""},"categories":[73,53],"tags":[],"class_list":["post-33427","post","type-post","status-publish","format-standard","hentry","category-actualite","category-algerie"],"_links":{"self":[{"href":"https:\/\/linitiative.ca\/International\/wp-json\/wp\/v2\/posts\/33427","targetHints":{"allow":["GET"]}}],"collection":[{"href":"https:\/\/linitiative.ca\/International\/wp-json\/wp\/v2\/posts"}],"about":[{"href":"https:\/\/linitiative.ca\/International\/wp-json\/wp\/v2\/types\/post"}],"author":[{"embeddable":true,"href":"https:\/\/linitiative.ca\/International\/wp-json\/wp\/v2\/users\/1742"}],"replies":[{"embeddable":true,"href":"https:\/\/linitiative.ca\/International\/wp-json\/wp\/v2\/comments?post=33427"}],"version-history":[{"count":0,"href":"https:\/\/linitiative.ca\/International\/wp-json\/wp\/v2\/posts\/33427\/revisions"}],"wp:attachment":[{"href":"https:\/\/linitiative.ca\/International\/wp-json\/wp\/v2\/media?parent=33427"}],"wp:term":[{"taxonomy":"category","embeddable":true,"href":"https:\/\/linitiative.ca\/International\/wp-json\/wp\/v2\/categories?post=33427"},{"taxonomy":"post_tag","embeddable":true,"href":"https:\/\/linitiative.ca\/International\/wp-json\/wp\/v2\/tags?post=33427"}],"curies":[{"name":"wp","href":"https:\/\/api.w.org\/{rel}","templated":true}]}}