{"id":33430,"date":"2019-05-10T10:44:14","date_gmt":"2019-05-10T14:44:14","guid":{"rendered":"https:\/\/linitiative.ca\/International\/tindouf-les-restaurants-rahma-consecration-des-valeurs-de-solidarite-et-dentraide\/"},"modified":"2019-05-10T10:44:14","modified_gmt":"2019-05-10T14:44:14","slug":"tindouf-les-restaurants-rahma-consecration-des-valeurs-de-solidarite-et-dentraide","status":"publish","type":"post","link":"https:\/\/linitiative.ca\/International\/tindouf-les-restaurants-rahma-consecration-des-valeurs-de-solidarite-et-dentraide\/","title":{"rendered":"Tindouf : les restaurants Rahma, cons\u00e9cration des valeurs de solidarit\u00e9 et d\u2019entraide"},"content":{"rendered":"<div>\n<div class=\"K2FeedImage\"><img decoding=\"async\" src=\"http:\/\/www.aps.dz\/media\/k2\/items\/cache\/b62b6cb80866cd381d57bf9b39a68371_S.jpg\" alt=\"Tindouf : les restaurants Rahma, cons\u00e9cration des valeurs de solidarit\u00e9 et d\u2019entraide\"><\/div>\n<div class=\"K2FeedIntroText\">\n<p><strong>TINDOUF &#8211; La solidarit\u00e9 durant le mois de Ramadhan, qui se manifeste sous diverses formes, s\u2019acc\u00e9l\u00e8re en ce mois de piti\u00e9 et d\u2019entraide \u00e0 travers multiples actions caritatives, dont l\u2019ouverture de restaurants Rahma.<\/strong><\/p>\n<\/div>\n<div class=\"K2FeedFullText\">\n<p>Aucun quartier de la ville de Tindouf ne se passe de ces espaces de restauration collective, qui demeurent des haltes pour les n\u00e9cessiteux et passagers, ainsi que pour les ressortissants musulmans \u00e9trangers vivant dans la r\u00e9gion.<\/p>\n<p>De nombreux volontaires s\u2019activent, en groupes ou individuellement, pour concr\u00e9tiser cet \u00e9lan de solidarit\u00e9 et d\u2019entraide, motiv\u00e9s que par l\u2019amour de Dieu, pour venir en aide aux personnes en situation sociale difficile.<\/p>\n<p>Des tables d&rsquo;Iftar (rupture du je\u00fbne) sont, \u00e0 l\u2019approche de l\u2019Iftar, install\u00e9es \u00e0 des endroits d\u00e9termin\u00e9s, garnies de dattes, de lait et de plats, pour accueillir les je\u00fbneurs, dont une bon nombre de ressortissants africains travaillant dans la r\u00e9gion.<\/p>\n<hr>\n<p><em><strong>Lire aussi:\u00a0<\/strong><\/em><a href=\"http:\/\/www.aps.dz\/algerie\/89257-belmehdi-met-en-exergue-le-role-de-la-mosquee-dans-la-societe\">Belmehdi met en exergue le r\u00f4le de la mosqu\u00e9e dans la soci\u00e9t\u00e9<\/a><\/p>\n<hr>\n<p>Les pr\u00e9paratifs sont entrepris la veille du Ramadhan par des associations caritatives et des b\u00e9n\u00e9voles, \u00e0 travers notamment le nettoiement des lieux devant servir de cadre \u00e0 ces actions caritatives, par souci de cr\u00e9er une ambiance ramadhanesque familiale aux passagers et n\u00e9cessiteux et leur permettre de vivre, m\u00eame loin du chez soi, un climat de fraternit\u00e9 et de soutien.<\/p>\n<p>Pour le pr\u00e9sident de l\u2019association \u00ab\u00a0Ness El-Kheir\u00a0\u00bb, Djamel Bounagua, l\u2019iIftar reste une tradition perp\u00e9tu\u00e9e par l\u2019association avec le concours de groupes de b\u00e9n\u00e9voles, des jeunes notamment, qui s\u2019efforcent en ce mois de concr\u00e9tiser toute forme de solidarit\u00e9, ne m\u00e9nageant aucun effort pour pr\u00e9parer les plats aux invit\u00e9s.\u00a0\u00a0\u00a0\u00a0\u00a0\u00a0\u00a0\u00a0<\/p>\n<p>De son c\u00f4t\u00e9, le pr\u00e9sident de l\u2019association \u00ab\u00a0Kafel El-Yatim\u00a0\u00bb, Islam Ayad, pr\u00e9sente ces restaurants Rahma comme une occasion de diversifier, \u00e0 travers l\u2019\u00e9lan de concurrence dans l\u2019action caritative, les menus servis aux n\u00e9cessiteux et passagers, soulignant au passage le nombre croissant de jeunes b\u00e9n\u00e9voles, tout comme celui des personnes fr\u00e9quentant ces restaurants, dont grand nombre de ressortissants \u00e9trangers.<\/p>\n<p>\u00a0<\/p>\n<p><span style=\"font-size: 14pt;\"><strong>Inciter les b\u00e9n\u00e9voles \u00e0 ancrer les actions caritatives<\/strong><\/span><\/p>\n<p>Le pr\u00e9sident de l\u2019association scientifique et culturelle \u00ab\u00a0Malek Bennabi\u00a0\u00bb, Hocine Ammari, a d\u00e9clar\u00e9 que l\u2019association, soucieuse d\u2019inciter les b\u00e9n\u00e9voles \u00e0 ancrer ces actions caritatives, sugg\u00e8re de r\u00e9compenser les g\u00e9rants et participants aux restaurants Rahma pour consacrer davantage ces actions humanitaires et de solidarit\u00e9 soci\u00e9tale, un acte g\u00e9n\u00e9reux m\u00e9ritant tout le respect et l\u2019implication.<\/p>\n<p>Approch\u00e9s par l\u2019APS, des invit\u00e9s \u00e0 ces tables collectives ont salu\u00e9 ces actions \u00ab\u00a0nobles\u00a0\u00bb de solidarit\u00e9 et ont affich\u00e9 leur satisfaction des repas servis, d\u2019une qualit\u00e9 leur permettant de se revigorer pour entamer une nouvelle journ\u00e9e de je\u00fbne.<\/p>\n<p>L\u2019on rel\u00e8ve \u00e9galement \u00e0 ces actions de solidarit\u00e9 et d\u2019entraide soci\u00e9tale, la remise entre 150 \u00e0 200 repas d\u2019Iftar aux familles n\u00e9cessiteuses, se rapprochant, \u00e0 l\u2019approche du moment de la rupture du je\u00fbne, des points de restauration, pour emporter leurs \u00ab\u00a0ftour\u00a0\u00bb \u00e0 domicile.<\/p>\n<p>Certaines de ces associations contribuent pour leur part par l\u2019animation de soir\u00e9es et veill\u00e9es ramadhanesques, \u00e0 travers diverses activit\u00e9s culturelles et artistiques.<\/p>\n<\/div>\n<\/div>\n<p>Auteur:<br \/>\n<a href=\"http:\/\/www.aps.dz\/regions\/89267-tindouf-les-restaurants-rahma-consecration-des-valeurs-de-solidarite-et-d-entraide\">Cliquez ici pour lire l&rsquo;article depuis sa source.<\/a><\/p>\n","protected":false},"excerpt":{"rendered":"<p>TINDOUF &#8211; La solidarit\u00e9 durant le mois de Ramadhan, qui se manifeste sous diverses formes, s\u2019acc\u00e9l\u00e8re en ce mois de piti\u00e9 et d\u2019entraide \u00e0 travers multiples actions caritatives, dont l\u2019ouverture de restaurants Rahma. Aucun quartier de la ville de Tindouf ne se passe de ces espaces de restauration collective, qui demeurent des haltes pour les [&hellip;]<\/p>\n","protected":false},"author":1790,"featured_media":33431,"comment_status":"closed","ping_status":"closed","sticky":false,"template":"","format":"standard","meta":{"fifu_image_url":"","fifu_image_alt":"","footnotes":""},"categories":[53,76],"tags":[],"class_list":["post-33430","post","type-post","status-publish","format-standard","has-post-thumbnail","hentry","category-algerie","category-regions"],"_links":{"self":[{"href":"https:\/\/linitiative.ca\/International\/wp-json\/wp\/v2\/posts\/33430","targetHints":{"allow":["GET"]}}],"collection":[{"href":"https:\/\/linitiative.ca\/International\/wp-json\/wp\/v2\/posts"}],"about":[{"href":"https:\/\/linitiative.ca\/International\/wp-json\/wp\/v2\/types\/post"}],"author":[{"embeddable":true,"href":"https:\/\/linitiative.ca\/International\/wp-json\/wp\/v2\/users\/1790"}],"replies":[{"embeddable":true,"href":"https:\/\/linitiative.ca\/International\/wp-json\/wp\/v2\/comments?post=33430"}],"version-history":[{"count":0,"href":"https:\/\/linitiative.ca\/International\/wp-json\/wp\/v2\/posts\/33430\/revisions"}],"wp:featuredmedia":[{"embeddable":true,"href":"https:\/\/linitiative.ca\/International\/wp-json\/"}],"wp:attachment":[{"href":"https:\/\/linitiative.ca\/International\/wp-json\/wp\/v2\/media?parent=33430"}],"wp:term":[{"taxonomy":"category","embeddable":true,"href":"https:\/\/linitiative.ca\/International\/wp-json\/wp\/v2\/categories?post=33430"},{"taxonomy":"post_tag","embeddable":true,"href":"https:\/\/linitiative.ca\/International\/wp-json\/wp\/v2\/tags?post=33430"}],"curies":[{"name":"wp","href":"https:\/\/api.w.org\/{rel}","templated":true}]}}