{"id":33432,"date":"2019-05-09T14:31:05","date_gmt":"2019-05-09T18:31:05","guid":{"rendered":"https:\/\/linitiative.ca\/International\/interdiction-de-la-recolte-et-la-commercialisation-des-coquillages-issue-de-la-zone-ras-kebdana-saidia\/"},"modified":"2019-05-09T14:31:05","modified_gmt":"2019-05-09T18:31:05","slug":"interdiction-de-la-recolte-et-la-commercialisation-des-coquillages-issue-de-la-zone-ras-kebdana-saidia","status":"publish","type":"post","link":"https:\/\/linitiative.ca\/International\/interdiction-de-la-recolte-et-la-commercialisation-des-coquillages-issue-de-la-zone-ras-kebdana-saidia\/","title":{"rendered":"Interdiction de la r\u00e9colte et la commercialisation des coquillages issue de la zone Ras Kebdana-Saidia"},"content":{"rendered":"<div class=\"single-featured\"><img alt=\"\u0631\u0641\u0639 \u0627\u0644\u0645\u0646\u0639 \u0639\u0646 \u062c\u0645\u0639 \u0648\u062a\u0633\u0648\u064a\u0642 \u0627\u0644\u0635\u062f\u0641\u064a\u0627\u062a \u0628\u0627\u0644\u0645\u0646\u0627\u0637\u0642 \u0627\u0644\u0645\u0635\u0646\u0641\u0629 \u0631\u0623\u0633 \u0643\u0628\u062f\u0627\u0646\u0629-\u0627\u0644\u0633\u0639\u064a\u062f\u064a\u0629\" data-src=\"http:\/\/www.mapoujda.ma\/map\/uploads\/2018\/09\/coquilliage-nador-interdect-1.jpg\"\/><\/div>\n<div class=\"single-post-excerpt post-excerpt-bc\" readability=\"36\">\n<p>Le d\u00e9partement de la p\u00eache maritime a d\u00e9cid\u00e9 d\u2019interdire la r\u00e9colte et la commercialisation des coquillages au niveau de la zone conchylicole Ras Kebdana-Saidia, relevant de la circonscription maritime de Nador, et ce jusqu\u2019\u00e0 \u00e9puration totale du milieu.<\/p>\n<\/div>\n<div class=\"entry-content clearfix single-post-content\" readability=\"51\">\n<p>Les r\u00e9sultats d\u2019analyses effectu\u00e9es par l\u2019Institut National de Recherche Halieutique (INRH) au niveau de la zone conchylicole class\u00e9e Ras Kebdana-Saidia, relevant de la circonscription maritime de Nador, d\u00e9notent la pr\u00e9sence de biotoxines marines dans les coquillages \u00e0 des teneurs anormales, indique le minist\u00e8re de l\u2019Agriculture, de la p\u00eache maritime, du d\u00e9veloppement rural et des eaux et for\u00eats, dans un communiqu\u00e9.<\/p>\n<p>En cons\u00e9quence, le minist\u00e8re recommande aux consommateurs de ne s\u2019approvisionner qu\u2019en produits conditionn\u00e9s, portant les \u00e9tiquettes sanitaires d\u2019identification et commercialis\u00e9s dans les points de vente autoris\u00e9s (march\u00e9s officiels).<\/p>\n<p>\u00ab\u00a0Les coquillages colport\u00e9s ou vendus en vrac ne pr\u00e9sentent aucune garantie de salubrit\u00e9 et constituent un danger pour la sant\u00e9 publique\u00a0\u00bb, avertit le minist\u00e8re.<\/p>\n<\/div>\n<p>Auteur: Soufiane ELAHMAR<br \/>\n<a href=\"http:\/\/www.mapoujda.ma\/fr\/interdiction-de-la-recolte-et-la-commercialisation-des-coquillages-issue-de-la-zone-ras-kebdana-saidia\/\">Cliquez ici pour lire l&rsquo;article depuis sa source.<\/a><\/p>\n","protected":false},"excerpt":{"rendered":"<p>Le d\u00e9partement de la p\u00eache maritime a d\u00e9cid\u00e9 d\u2019interdire la r\u00e9colte et la commercialisation des coquillages au niveau de la zone conchylicole Ras Kebdana-Saidia, relevant de la circonscription maritime de Nador, et ce jusqu\u2019\u00e0 \u00e9puration totale du milieu. Les r\u00e9sultats d\u2019analyses effectu\u00e9es par l\u2019Institut National de Recherche Halieutique (INRH) au niveau de la zone conchylicole [&hellip;]<\/p>\n","protected":false},"author":1788,"featured_media":33433,"comment_status":"closed","ping_status":"closed","sticky":false,"template":"","format":"standard","meta":{"fifu_image_url":"","fifu_image_alt":"","footnotes":""},"categories":[54,76],"tags":[],"class_list":["post-33432","post","type-post","status-publish","format-standard","has-post-thumbnail","hentry","category-maroc","category-regions"],"_links":{"self":[{"href":"https:\/\/linitiative.ca\/International\/wp-json\/wp\/v2\/posts\/33432","targetHints":{"allow":["GET"]}}],"collection":[{"href":"https:\/\/linitiative.ca\/International\/wp-json\/wp\/v2\/posts"}],"about":[{"href":"https:\/\/linitiative.ca\/International\/wp-json\/wp\/v2\/types\/post"}],"author":[{"embeddable":true,"href":"https:\/\/linitiative.ca\/International\/wp-json\/wp\/v2\/users\/1788"}],"replies":[{"embeddable":true,"href":"https:\/\/linitiative.ca\/International\/wp-json\/wp\/v2\/comments?post=33432"}],"version-history":[{"count":0,"href":"https:\/\/linitiative.ca\/International\/wp-json\/wp\/v2\/posts\/33432\/revisions"}],"wp:featuredmedia":[{"embeddable":true,"href":"https:\/\/linitiative.ca\/International\/wp-json\/"}],"wp:attachment":[{"href":"https:\/\/linitiative.ca\/International\/wp-json\/wp\/v2\/media?parent=33432"}],"wp:term":[{"taxonomy":"category","embeddable":true,"href":"https:\/\/linitiative.ca\/International\/wp-json\/wp\/v2\/categories?post=33432"},{"taxonomy":"post_tag","embeddable":true,"href":"https:\/\/linitiative.ca\/International\/wp-json\/wp\/v2\/tags?post=33432"}],"curies":[{"name":"wp","href":"https:\/\/api.w.org\/{rel}","templated":true}]}}