{"id":33434,"date":"2019-05-10T10:29:39","date_gmt":"2019-05-10T14:29:39","guid":{"rendered":"https:\/\/linitiative.ca\/International\/oujda-le-duo-boussou-sahmaoui-emporte-le-public-dans-les-meandres-du-chant-gnaoui\/"},"modified":"2019-05-10T10:29:39","modified_gmt":"2019-05-10T14:29:39","slug":"oujda-le-duo-boussou-sahmaoui-emporte-le-public-dans-les-meandres-du-chant-gnaoui","status":"publish","type":"post","link":"https:\/\/linitiative.ca\/International\/oujda-le-duo-boussou-sahmaoui-emporte-le-public-dans-les-meandres-du-chant-gnaoui\/","title":{"rendered":"Oujda: Le duo Boussou\/Sahmaoui emporte le public dans les m\u00e9andres du chant gnaoui"},"content":{"rendered":"<div readability=\"38\">\n<p>Le public oujdi a eu droit, jeudi soir, \u00e0 un concert gnaoui fort en \u00e9motions, interpr\u00e9t\u00e9 par le duo ma\u00e2lem Hassan Boussou et le multi-instrumentiste Aziz Sahmaoui, qui se sont produits dans le cadre du festival des Nuits du Ramadan.<\/p>\n<\/div>\n<div readability=\"105\">\n<p>Au Th\u00e9\u00e2tre Mohammed VI d\u2019Oujda qui faisait salle comble, les magnifiques morceaux de ce genre musical s\u00e9culaire ont fait sensation aupr\u00e8s de l\u2019assistance qui n\u2019a pas h\u00e9sit\u00e9 \u00e0 reprendre en ch\u0153ur des chansons du r\u00e9pertoire traditionnel gnaoui revisit\u00e9es par les artistes en m\u00ealant authenticit\u00e9 et modernit\u00e9.<\/p>\n<p>Hajhouj, batterie, Oud, instruments de percussion, crotales gnawas, guitare, tel est le menu propos\u00e9 par ces deux pointures de la musique gnaouie, qui se sont r\u00e9unis pour cr\u00e9er un brassage entre tradition et modernit\u00e9 avec le concours notamment du bassiste s\u00e9n\u00e9galais Alioune Wade.<\/p>\n<p>La prestation a fait vibrer les c\u0153urs et les corps, lors de cette soir\u00e9e musicale fusionnant rythmes dansantes et m\u00e9lodies d\u2019Afrique et du Maghreb dans un voyage \u00e0 travers le temps pour le bonheur d\u2019un public chauff\u00e9 \u00e0 blanc.<\/p>\n<p>\u00ab\u00a0Je suis tr\u00e8s heureux de me produire au Th\u00e9\u00e2tre Mohammed VI d\u2019Oujda devant ce beau public\u00a0\u00bb, a indiqu\u00e9 \u00e0 la presse, Sahmaoui, ce marrakechi qui a d\u00e9barqu\u00e9 \u00e0 Paris et y fonde l\u2019un des groupes phares des ann\u00e9es 1990, l\u2019Orchestre National de Barb\u00e8s (ONB) avant de cr\u00e9er un nouveau groupe \u00e0 savoir Univesrity of Gnawa.<\/p>\n<p>\u00ab\u00a0Mes \u0153uvres puisent dans le patrimoine marocain et africain et s\u2019inspirent d\u2019autres \u00e9coles dont le rock, jazz ou encore le reggae\u00a0\u00bb, a-t-il expliqu\u00e9, notant que ses prestations se d\u00e9marquent \u00e9galement par cette improvisation qui emporte le public dans des univers aussi fascinants que surprenants.<\/p>\n<p>Organis\u00e9 en coordination avec la direction r\u00e9gionale de la Culture, cette soir\u00e9e fait partie des Nuits du Ramadan de l\u2019Institut Fran\u00e7ais tenues dans le cadre de la Saison culturelle France-Maroc, a pr\u00e9cis\u00e9 pour sa part la directrice de l\u2019Institut fran\u00e7ais d\u2019Oujda (IFO), Yannick Beauvais.<\/p>\n<p>\u00ab\u00a0Nous sommes ravis ce soir de pouvoir proposer aux Oujdis ce concert lors de cette premi\u00e8re semaine des Nuits du Ramadan\u00a0\u00bb, a-t-elle ajout\u00e9, faisant savoir que le programme comprend \u00e9galement un deuxi\u00e8me spectacle qui sera anim\u00e9 vendredi par la Fanfare Couche-Tard.<\/p>\n<p>Quant au ma\u00e2lam Boussou, il s\u2019est dit extr\u00eamement fier de rencontrer le public oujdi et de \u00ab\u00a0partager cette belle aventure avec mon ami Sahmaoui\u00a0\u00bb, notant que les pr\u00e9paratifs pour ce concert ont dur\u00e9 deux jours seulement, le temps d\u2019harmoniser les instruments, car \u00ab\u00a0nous nous connaissons bien et nous savons d\u00e9j\u00e0 les morceaux que nous allons pr\u00e9sent\u00e9s\u00a0\u00bb.<\/p>\n<p>N\u00e9 \u00e0 Casablanca, Hassan Boussou a \u00e9t\u00e9 \u00e9duqu\u00e9 selon les pr\u00e9ceptes de la tradition Gnawa par son p\u00e8re Ma\u00e2lem Hmida Boussou, avec qui il encha\u00eene les tourn\u00e9es en Europe depuis 1990. Membre fondateur du prestigieux festival International Gnawa d\u2019Essaouira, Hassan Boussou est pr\u00e9curseur dans la fusion et le m\u00e9tissage et collabore avec des grands noms du Jazz (Michel Alibo, Bojan Z, Julien Lourau\u2026).<\/p>\n<p>Les Nuits du Ramadan (9 au 14 mai) font escale dans 12 villes du Royaume avec une programmation riche et ouverte \u00e0 toutes les sonorit\u00e9s du monde.<\/p>\n<\/div>\n<p>Auteur: Soufiane ELAHMAR<br \/>\n<a href=\"http:\/\/www.mapoujda.ma\/fr\/oujda-le-duo-boussou-sahmaoui-emporte-le-public-dans-les-meandres-du-chant-gnaoui\/\">Cliquez ici pour lire l&rsquo;article depuis sa source.<\/a><\/p>\n","protected":false},"excerpt":{"rendered":"<p>Le public oujdi a eu droit, jeudi soir, \u00e0 un concert gnaoui fort en \u00e9motions, interpr\u00e9t\u00e9 par le duo ma\u00e2lem Hassan Boussou et le multi-instrumentiste Aziz Sahmaoui, qui se sont produits dans le cadre du festival des Nuits du Ramadan. Au Th\u00e9\u00e2tre Mohammed VI d\u2019Oujda qui faisait salle comble, les magnifiques morceaux de ce genre [&hellip;]<\/p>\n","protected":false},"author":1788,"featured_media":0,"comment_status":"closed","ping_status":"closed","sticky":false,"template":"","format":"standard","meta":{"fifu_image_url":"","fifu_image_alt":"","footnotes":""},"categories":[54,76],"tags":[],"class_list":["post-33434","post","type-post","status-publish","format-standard","hentry","category-maroc","category-regions"],"_links":{"self":[{"href":"https:\/\/linitiative.ca\/International\/wp-json\/wp\/v2\/posts\/33434","targetHints":{"allow":["GET"]}}],"collection":[{"href":"https:\/\/linitiative.ca\/International\/wp-json\/wp\/v2\/posts"}],"about":[{"href":"https:\/\/linitiative.ca\/International\/wp-json\/wp\/v2\/types\/post"}],"author":[{"embeddable":true,"href":"https:\/\/linitiative.ca\/International\/wp-json\/wp\/v2\/users\/1788"}],"replies":[{"embeddable":true,"href":"https:\/\/linitiative.ca\/International\/wp-json\/wp\/v2\/comments?post=33434"}],"version-history":[{"count":0,"href":"https:\/\/linitiative.ca\/International\/wp-json\/wp\/v2\/posts\/33434\/revisions"}],"wp:attachment":[{"href":"https:\/\/linitiative.ca\/International\/wp-json\/wp\/v2\/media?parent=33434"}],"wp:term":[{"taxonomy":"category","embeddable":true,"href":"https:\/\/linitiative.ca\/International\/wp-json\/wp\/v2\/categories?post=33434"},{"taxonomy":"post_tag","embeddable":true,"href":"https:\/\/linitiative.ca\/International\/wp-json\/wp\/v2\/tags?post=33434"}],"curies":[{"name":"wp","href":"https:\/\/api.w.org\/{rel}","templated":true}]}}