{"id":33435,"date":"2019-05-10T05:20:00","date_gmt":"2019-05-10T09:20:00","guid":{"rendered":"https:\/\/linitiative.ca\/International\/17-des-assujettis-assurent-80-des-recettes-de-tva\/"},"modified":"2019-05-10T05:20:00","modified_gmt":"2019-05-10T09:20:00","slug":"17-des-assujettis-assurent-80-des-recettes-de-tva","status":"publish","type":"post","link":"https:\/\/linitiative.ca\/International\/17-des-assujettis-assurent-80-des-recettes-de-tva\/","title":{"rendered":"1,7% des assujettis assurent 80% des recettes de TVA"},"content":{"rendered":"<p class=\"rtejustify\">L\u2019un des premiers enseignements des 3e Assises de la fiscalit\u00e9, c\u2019est que 67% des contribuables assujettis \u00e0 la TVA ne d\u00e9posent pas leurs d\u00e9clarations fiscales. Par ailleurs, \u00e0 peine 29% des d\u00e9clarations font ressortir une TVA \u00e0 payer. Et 80% des recettes de cette taxe sont concentr\u00e9es sur 1,7% de la population assujettie.<\/p>\n<p class=\"rtejustify\"><em>H.E.<\/em><\/p>\n<p class=\"rtejustify\">\u00a0<\/p>\n<p>Auteur: hlafriqi<br \/>\n<a href=\"https:\/\/www.leconomiste.com\/article\/1044908-1-7-des-assujettis-assurent-80-des-recettes-de-tva\">Cliquez ici pour lire l&rsquo;article depuis sa source.<\/a><\/p>\n","protected":false},"excerpt":{"rendered":"<p>L\u2019un des premiers enseignements des 3e Assises de la fiscalit\u00e9, c\u2019est que 67% des contribuables assujettis \u00e0 la TVA ne d\u00e9posent pas leurs d\u00e9clarations fiscales. Par ailleurs, \u00e0 peine 29% des d\u00e9clarations font ressortir une TVA \u00e0 payer. Et 80% des recettes de cette taxe sont concentr\u00e9es sur 1,7% de la population assujettie. H.E. \u00a0 [&hellip;]<\/p>\n","protected":false},"author":1763,"featured_media":0,"comment_status":"closed","ping_status":"closed","sticky":false,"template":"","format":"standard","meta":{"fifu_image_url":"","fifu_image_alt":"","footnotes":""},"categories":[78,54],"tags":[],"class_list":["post-33435","post","type-post","status-publish","format-standard","hentry","category-economie","category-maroc"],"_links":{"self":[{"href":"https:\/\/linitiative.ca\/International\/wp-json\/wp\/v2\/posts\/33435","targetHints":{"allow":["GET"]}}],"collection":[{"href":"https:\/\/linitiative.ca\/International\/wp-json\/wp\/v2\/posts"}],"about":[{"href":"https:\/\/linitiative.ca\/International\/wp-json\/wp\/v2\/types\/post"}],"author":[{"embeddable":true,"href":"https:\/\/linitiative.ca\/International\/wp-json\/wp\/v2\/users\/1763"}],"replies":[{"embeddable":true,"href":"https:\/\/linitiative.ca\/International\/wp-json\/wp\/v2\/comments?post=33435"}],"version-history":[{"count":0,"href":"https:\/\/linitiative.ca\/International\/wp-json\/wp\/v2\/posts\/33435\/revisions"}],"wp:attachment":[{"href":"https:\/\/linitiative.ca\/International\/wp-json\/wp\/v2\/media?parent=33435"}],"wp:term":[{"taxonomy":"category","embeddable":true,"href":"https:\/\/linitiative.ca\/International\/wp-json\/wp\/v2\/categories?post=33435"},{"taxonomy":"post_tag","embeddable":true,"href":"https:\/\/linitiative.ca\/International\/wp-json\/wp\/v2\/tags?post=33435"}],"curies":[{"name":"wp","href":"https:\/\/api.w.org\/{rel}","templated":true}]}}