{"id":33436,"date":"2019-05-10T05:20:00","date_gmt":"2019-05-10T09:20:00","guid":{"rendered":"https:\/\/linitiative.ca\/International\/croissance-la-berd-revoit-ses-previsions\/"},"modified":"2019-05-10T05:20:00","modified_gmt":"2019-05-10T09:20:00","slug":"croissance-la-berd-revoit-ses-previsions","status":"publish","type":"post","link":"https:\/\/linitiative.ca\/International\/croissance-la-berd-revoit-ses-previsions\/","title":{"rendered":"Croissance: La BERD revoit ses pr\u00e9visions"},"content":{"rendered":"<p class=\"rtejustify\">La croissance de l\u2019\u00e9conomie marocaine se limiterait \u00e0 3,2% cette ann\u00e9e contre un taux de 3,5% annonc\u00e9 en novembre dernier. C\u2019est ce qui ressort des nouvelles pr\u00e9visions de la Banque europ\u00e9enne pour la reconstruction et le d\u00e9veloppement (BERD). Dans une note sur les perspectives de croissance dans les pays du sud-est de la M\u00e9diterran\u00e9e (Maroc, Tunisie, \u00c9gypte, Jordanie et Liban), la BERD table sur une l\u00e9g\u00e8re remont\u00e9e de la croissance en 2020 (+3,8%) \u00absous l\u2019effet d\u2019un renforcement de la croissance hors agriculture, apr\u00e8s un ralentissement \u00e0 3,1% en 2018\u00bb. La performance de l\u2019\u00e9conomie marocaine resterait toutefois inf\u00e9rieure \u00e0 la moyenne r\u00e9gionale : +4,6% en 2019 et +5,1% en 2020.<\/p>\n<p class=\"rtejustify\"><em>E.M.G.<\/em><\/p>\n<p>Auteur: hlafriqi<br \/>\n<a href=\"https:\/\/www.leconomiste.com\/article\/1044907-croissance-la-berd-revoit-ses-previsions\">Cliquez ici pour lire l&rsquo;article depuis sa source.<\/a><\/p>\n","protected":false},"excerpt":{"rendered":"<p>La croissance de l\u2019\u00e9conomie marocaine se limiterait \u00e0 3,2% cette ann\u00e9e contre un taux de 3,5% annonc\u00e9 en novembre dernier. C\u2019est ce qui ressort des nouvelles pr\u00e9visions de la Banque europ\u00e9enne pour la reconstruction et le d\u00e9veloppement (BERD). Dans une note sur les perspectives de croissance dans les pays du sud-est de la M\u00e9diterran\u00e9e (Maroc, [&hellip;]<\/p>\n","protected":false},"author":1763,"featured_media":0,"comment_status":"closed","ping_status":"closed","sticky":false,"template":"","format":"standard","meta":{"fifu_image_url":"","fifu_image_alt":"","footnotes":""},"categories":[78,54],"tags":[],"class_list":["post-33436","post","type-post","status-publish","format-standard","hentry","category-economie","category-maroc"],"_links":{"self":[{"href":"https:\/\/linitiative.ca\/International\/wp-json\/wp\/v2\/posts\/33436","targetHints":{"allow":["GET"]}}],"collection":[{"href":"https:\/\/linitiative.ca\/International\/wp-json\/wp\/v2\/posts"}],"about":[{"href":"https:\/\/linitiative.ca\/International\/wp-json\/wp\/v2\/types\/post"}],"author":[{"embeddable":true,"href":"https:\/\/linitiative.ca\/International\/wp-json\/wp\/v2\/users\/1763"}],"replies":[{"embeddable":true,"href":"https:\/\/linitiative.ca\/International\/wp-json\/wp\/v2\/comments?post=33436"}],"version-history":[{"count":0,"href":"https:\/\/linitiative.ca\/International\/wp-json\/wp\/v2\/posts\/33436\/revisions"}],"wp:attachment":[{"href":"https:\/\/linitiative.ca\/International\/wp-json\/wp\/v2\/media?parent=33436"}],"wp:term":[{"taxonomy":"category","embeddable":true,"href":"https:\/\/linitiative.ca\/International\/wp-json\/wp\/v2\/categories?post=33436"},{"taxonomy":"post_tag","embeddable":true,"href":"https:\/\/linitiative.ca\/International\/wp-json\/wp\/v2\/tags?post=33436"}],"curies":[{"name":"wp","href":"https:\/\/api.w.org\/{rel}","templated":true}]}}