{"id":33439,"date":"2019-05-10T05:45:00","date_gmt":"2019-05-10T09:45:00","guid":{"rendered":"https:\/\/linitiative.ca\/International\/eolien-siemens-gamesa-se-positionne-sur-lexport\/"},"modified":"2019-05-10T05:45:00","modified_gmt":"2019-05-10T09:45:00","slug":"eolien-siemens-gamesa-se-positionne-sur-lexport","status":"publish","type":"post","link":"https:\/\/linitiative.ca\/International\/eolien-siemens-gamesa-se-positionne-sur-lexport\/","title":{"rendered":"Eolien: Siemens Gamesa se positionne sur l\u2019export"},"content":{"rendered":"<div readability=\"39\">\n<p>48 pales, sur une commande totale de 144, livr\u00e9es en Norv\u00e8ge<\/p>\n<p>En 2018, l\u2019usine avait d\u00e9marr\u00e9 son activit\u00e9 export vers la Su\u00e8de<\/p>\n<p>Les pales de 63 m et 17 tonnes exp\u00e9di\u00e9es via TangerMed<\/p>\n<\/div>\n<div readability=\"76\">\n<div class=\"dnd-atom-wrapper type-image context-sdl_editor_representation\" contenteditable=\"false\" readability=\"31.5\">\n<div class=\"dnd-drop-wrapper image\"><img loading=\"lazy\" decoding=\"async\" typeof=\"foaf:Image\" class=\"img-responsive\" src=\"https:\/\/www.leconomiste.com\/sites\/default\/files\/eco7\/public\/thumbnails\/image\/eolien-siemens-gamesa-012.jpg\" width=\"660\" height=\"330\" alt=\"eolien-siemens-gamesa-012.jpg\" title=\"eolien-siemens-gamesa-012.jpg\"\/><\/div>\n<div class=\"dnd-legend-wrapper\" contenteditable=\"true\" readability=\"8\">\n<p class=\"rtejustify\">L\u2019usine de pales d\u2019\u00e9olienne de Siemens Gamesa \u00e0 la TAC continue sa mont\u00e9e en puissance. Les exportations se succ\u00e8dent pour cette usine inaugur\u00e9e en octobre 2017 <em>(Ph. Adam)<\/em><\/p>\n<\/div>\n<\/div>\n<p class=\"rtejustify\">L\u2019usine de pales d\u2019\u00e9olienne de Siemens Gamesa continue d\u2019acc\u00e9l\u00e9rer son rythme. L\u2019unit\u00e9 industrielle vient de livrer, durant ce premier trimestre de l\u2019ann\u00e9e, 48 pales de type B63 au projet \u00abthe Bjerkreim cluster\u00bb, en Norv\u00e8ge, selon le Groupe TangerMed. Elles ont \u00e9t\u00e9 r\u00e9ceptionn\u00e9es au port norv\u00e9gien de Risavika et repr\u00e9sentent le premier lot d\u2019une commande totale de 144 pales pour ce projet.<\/p>\n<p class=\"rtejustify\">Siemens Gamesa a d\u00e9marr\u00e9 ses premi\u00e8res livraisons \u00e0 l\u2019export par la Su\u00e8de, en 2018. Il s\u2019agissait d\u2019un lot de pales de derni\u00e8re g\u00e9n\u00e9ration \u00e0 destination du parc \u00e9olien de Laxaas, au centre du pays, via le port de Uddevalla. Cet export ainsi que les pr\u00e9c\u00e9dents profitent des installations polyvalentes du port TangerMed, seule infrastructure capable d\u2019assurer l\u2019export de ce type de produit exceptionnel.<\/p>\n<p class=\"rtejustify\">Les premi\u00e8res productions de l\u2019usine ont \u00e9t\u00e9 lanc\u00e9es fin 2017. Elles ont \u00e9t\u00e9 livr\u00e9es par voie maritime, elles aussi, au parc \u00e9olien d\u2019Aftissat, \u00e0 Boujdour.<\/p>\n<p class=\"rtejustify\">Le transport par voie maritime est la r\u00e8gle en raison des nombreux d\u00e9fis que pose la manutention de ces pales, longues de 63 m\u00e8tres et pesant pr\u00e8s de 17 tonnes chacune. Pour traverser la quarantaine de kilom\u00e8tres s\u00e9parant le site de l\u2019usine au port, c\u2019est tout un dispositif auquel participent des dizaines de collaborateurs, mais aussi des gendarmes et d\u2019autres membres des forces de l\u2019ordre pour assurer le transport de ces pales en toute s\u00e9curit\u00e9.<\/p>\n<p class=\"rtejustify\">L\u2019op\u00e9ration se fait de nuit et \u00e0 vitesse lente en empruntant l\u2019autoroute afin d\u2019\u00e9viter de perturber le trafic sur la route nationale. Une op\u00e9ration qui est actuellement rod\u00e9e et qui profite de toute une pr\u00e9paration en amont. En effet, le port a am\u00e9nag\u00e9 ses ronds-points avec des passages directs au milieu pour r\u00e9duire les virages, des pr\u00e9cautions obligatoires pour le transport des pales et des charges d\u2019une telle longueur.<\/p>\n<p class=\"rtejustify\">A noter que l\u2019usine Siemens Gamesa a \u00e9t\u00e9 inaugur\u00e9e en octobre 2017 avec un investissement de plus d\u2019un milliard de DH. Elle est situ\u00e9e \u00e0 la Tanger Automotive City et dispose d\u2019une capacit\u00e9 de production de 650 pales par an, un volume amen\u00e9 \u00e0 doubler \u00e0 terme. En effet, le fabricant de pales a lanc\u00e9 une \u00e9tude pour le doublement de la capacit\u00e9 d\u00e8s l\u2019inauguration de cette derni\u00e8re afin de pouvoir faire face \u00e0 la demande actuelle en \u00e9oliennes.<\/p>\n<p class=\"rtejustify\"><em>Ali ABJIOU<\/em><\/p>\n<\/div>\n<p>Auteur: hlafriqi<br \/>\n<a href=\"https:\/\/www.leconomiste.com\/article\/1044889-eolien-siemens-gamesa-se-positionne-sur-l-export\">Cliquez ici pour lire l&rsquo;article depuis sa source.<\/a><\/p>\n","protected":false},"excerpt":{"rendered":"<p>48 pales, sur une commande totale de 144, livr\u00e9es en Norv\u00e8ge En 2018, l\u2019usine avait d\u00e9marr\u00e9 son activit\u00e9 export vers la Su\u00e8de Les pales de 63 m et 17 tonnes exp\u00e9di\u00e9es via TangerMed L\u2019usine de pales d\u2019\u00e9olienne de Siemens Gamesa \u00e0 la TAC continue sa mont\u00e9e en puissance. Les exportations se succ\u00e8dent pour cette usine [&hellip;]<\/p>\n","protected":false},"author":1763,"featured_media":33440,"comment_status":"closed","ping_status":"closed","sticky":false,"template":"","format":"standard","meta":{"fifu_image_url":"","fifu_image_alt":"","footnotes":""},"categories":[78,54],"tags":[],"class_list":["post-33439","post","type-post","status-publish","format-standard","has-post-thumbnail","hentry","category-economie","category-maroc"],"_links":{"self":[{"href":"https:\/\/linitiative.ca\/International\/wp-json\/wp\/v2\/posts\/33439","targetHints":{"allow":["GET"]}}],"collection":[{"href":"https:\/\/linitiative.ca\/International\/wp-json\/wp\/v2\/posts"}],"about":[{"href":"https:\/\/linitiative.ca\/International\/wp-json\/wp\/v2\/types\/post"}],"author":[{"embeddable":true,"href":"https:\/\/linitiative.ca\/International\/wp-json\/wp\/v2\/users\/1763"}],"replies":[{"embeddable":true,"href":"https:\/\/linitiative.ca\/International\/wp-json\/wp\/v2\/comments?post=33439"}],"version-history":[{"count":0,"href":"https:\/\/linitiative.ca\/International\/wp-json\/wp\/v2\/posts\/33439\/revisions"}],"wp:featuredmedia":[{"embeddable":true,"href":"https:\/\/linitiative.ca\/International\/wp-json\/"}],"wp:attachment":[{"href":"https:\/\/linitiative.ca\/International\/wp-json\/wp\/v2\/media?parent=33439"}],"wp:term":[{"taxonomy":"category","embeddable":true,"href":"https:\/\/linitiative.ca\/International\/wp-json\/wp\/v2\/categories?post=33439"},{"taxonomy":"post_tag","embeddable":true,"href":"https:\/\/linitiative.ca\/International\/wp-json\/wp\/v2\/tags?post=33439"}],"curies":[{"name":"wp","href":"https:\/\/api.w.org\/{rel}","templated":true}]}}