{"id":33456,"date":"2019-05-10T15:14:10","date_gmt":"2019-05-10T19:14:10","guid":{"rendered":"https:\/\/linitiative.ca\/International\/pros-es-tunis-belaili-aurait-pris-une-decision-importante-sur-son-avenir\/"},"modified":"2019-05-10T15:14:10","modified_gmt":"2019-05-10T19:14:10","slug":"pros-es-tunis-belaili-aurait-pris-une-decision-importante-sur-son-avenir","status":"publish","type":"post","link":"https:\/\/linitiative.ca\/International\/pros-es-tunis-belaili-aurait-pris-une-decision-importante-sur-son-avenir\/","title":{"rendered":"Pros : ES Tunis: Belaili aurait pris une d\u00e9cision importante sur son avenir"},"content":{"rendered":"<div readability=\"32\">\n<p>Auteur : <span class=\"time\">vendredi 10 mai 2019 16:21<\/span><\/p>\n<\/div>\n<div id=\"post_core\" readability=\"42\">\n<p>A en croire la presse tunisienne, Youcef Bela\u00efli ne serait pas contre l\u2019id\u00e9e de prolonger son contrat, d\u2019une saison suppl\u00e9mentaire, avec l\u2019Esp\u00e9rance de Tunis. Selon la m\u00eame source toujours, le joueur de l\u2019EN aurait promis \u00e0 son pr\u00e9sident, Hamdi Meddeb, de donner la priorit\u00e9 \u00e0 l\u2019EST, et cela en d\u00e9pit des nombreuses sollicitations qu\u2019il a re\u00e7us.<\/p>\n<p><strong>Publi\u00e9 dans :<\/strong> <span>Bela\u00efli<\/span><\/p>\n<\/div>\n<p>Auteur:<br \/>\n<a href=\"http:\/\/www.lebuteur.com\/article\/detail?titre=es-tunis-belaili-aurait-pris-une-decision-importante-sur-son-avenir&#038;id=88676&#038;utm_source=feedburner&#038;utm_medium=feed&#038;utm_campaign=Feed%3A+GalerieFArtciles+%28Les+derniers+articles++-+lebuteur.com%29\">Cliquez ici pour lire l&rsquo;article depuis sa source.<\/a><\/p>\n","protected":false},"excerpt":{"rendered":"<p>Auteur : vendredi 10 mai 2019 16:21 A en croire la presse tunisienne, Youcef Bela\u00efli ne serait pas contre l\u2019id\u00e9e de prolonger son contrat, d\u2019une saison suppl\u00e9mentaire, avec l\u2019Esp\u00e9rance de Tunis. Selon la m\u00eame source toujours, le joueur de l\u2019EN aurait promis \u00e0 son pr\u00e9sident, Hamdi Meddeb, de donner la priorit\u00e9 \u00e0 l\u2019EST, et cela [&hellip;]<\/p>\n","protected":false},"author":1738,"featured_media":33457,"comment_status":"closed","ping_status":"closed","sticky":false,"template":"","format":"standard","meta":{"fifu_image_url":"","fifu_image_alt":"","footnotes":""},"categories":[53,75],"tags":[],"class_list":["post-33456","post","type-post","status-publish","format-standard","has-post-thumbnail","hentry","category-algerie","category-sport"],"_links":{"self":[{"href":"https:\/\/linitiative.ca\/International\/wp-json\/wp\/v2\/posts\/33456","targetHints":{"allow":["GET"]}}],"collection":[{"href":"https:\/\/linitiative.ca\/International\/wp-json\/wp\/v2\/posts"}],"about":[{"href":"https:\/\/linitiative.ca\/International\/wp-json\/wp\/v2\/types\/post"}],"author":[{"embeddable":true,"href":"https:\/\/linitiative.ca\/International\/wp-json\/wp\/v2\/users\/1738"}],"replies":[{"embeddable":true,"href":"https:\/\/linitiative.ca\/International\/wp-json\/wp\/v2\/comments?post=33456"}],"version-history":[{"count":0,"href":"https:\/\/linitiative.ca\/International\/wp-json\/wp\/v2\/posts\/33456\/revisions"}],"wp:featuredmedia":[{"embeddable":true,"href":"https:\/\/linitiative.ca\/International\/wp-json\/"}],"wp:attachment":[{"href":"https:\/\/linitiative.ca\/International\/wp-json\/wp\/v2\/media?parent=33456"}],"wp:term":[{"taxonomy":"category","embeddable":true,"href":"https:\/\/linitiative.ca\/International\/wp-json\/wp\/v2\/categories?post=33456"},{"taxonomy":"post_tag","embeddable":true,"href":"https:\/\/linitiative.ca\/International\/wp-json\/wp\/v2\/tags?post=33456"}],"curies":[{"name":"wp","href":"https:\/\/api.w.org\/{rel}","templated":true}]}}