{"id":33458,"date":"2019-05-10T15:14:13","date_gmt":"2019-05-10T19:14:13","guid":{"rendered":"https:\/\/linitiative.ca\/International\/pros-celta-vigo-boudebouz-ecarte-de-lequipe-type-a-cause-du-jeune\/"},"modified":"2019-05-10T15:14:13","modified_gmt":"2019-05-10T19:14:13","slug":"pros-celta-vigo-boudebouz-ecarte-de-lequipe-type-a-cause-du-jeune","status":"publish","type":"post","link":"https:\/\/linitiative.ca\/International\/pros-celta-vigo-boudebouz-ecarte-de-lequipe-type-a-cause-du-jeune\/","title":{"rendered":"Pros : Celta Vigo: Boudebouz \u00e9cart\u00e9 de l\u2019\u00e9quipe type \u00e0 cause du je\u00fbne?"},"content":{"rendered":"<div readability=\"32\">\n<p>Auteur : <span class=\"time\">vendredi 10 mai 2019 16:22<\/span><\/p>\n<\/div>\n<div id=\"post_core\" readability=\"41\">\n<p>Selon le quotidien espagnol, ElDesmarque, le \u00a0staff technique du Celta Vigo aurait d\u00e9cid\u00e9 d\u2019\u00e9carter son joueur Alg\u00e9rien, Ryad Boudebouz du onze de d\u00e9part pour le prochain match face \u00e0 l\u2019Athl\u00e9tic Bilbao. Selon la m\u00eame source toujours, cette d\u00e9cision aurait \u00e9t\u00e9 prise par le staff technique en raison du je\u00fbne, surtout que le match est pr\u00e9vu \u00e0 18h30, soit bien avant la rupture du je\u00fbne.<\/p>\n<p><strong>Publi\u00e9 dans :<\/strong> <span>boudebouz<\/span><\/p>\n<\/div>\n<p>Auteur:<br \/>\n<a href=\"http:\/\/www.lebuteur.com\/article\/detail?titre=celta-vigo-boudebouz-ecarte-de-lequipe-type-a-cause-du-jeune&#038;id=88678&#038;utm_source=feedburner&#038;utm_medium=feed&#038;utm_campaign=Feed%3A+GalerieFArtciles+%28Les+derniers+articles++-+lebuteur.com%29\">Cliquez ici pour lire l&rsquo;article depuis sa source.<\/a><\/p>\n","protected":false},"excerpt":{"rendered":"<p>Auteur : vendredi 10 mai 2019 16:22 Selon le quotidien espagnol, ElDesmarque, le \u00a0staff technique du Celta Vigo aurait d\u00e9cid\u00e9 d\u2019\u00e9carter son joueur Alg\u00e9rien, Ryad Boudebouz du onze de d\u00e9part pour le prochain match face \u00e0 l\u2019Athl\u00e9tic Bilbao. Selon la m\u00eame source toujours, cette d\u00e9cision aurait \u00e9t\u00e9 prise par le staff technique en raison du [&hellip;]<\/p>\n","protected":false},"author":1738,"featured_media":33459,"comment_status":"closed","ping_status":"closed","sticky":false,"template":"","format":"standard","meta":{"fifu_image_url":"","fifu_image_alt":"","footnotes":""},"categories":[53,75],"tags":[],"class_list":["post-33458","post","type-post","status-publish","format-standard","has-post-thumbnail","hentry","category-algerie","category-sport"],"_links":{"self":[{"href":"https:\/\/linitiative.ca\/International\/wp-json\/wp\/v2\/posts\/33458","targetHints":{"allow":["GET"]}}],"collection":[{"href":"https:\/\/linitiative.ca\/International\/wp-json\/wp\/v2\/posts"}],"about":[{"href":"https:\/\/linitiative.ca\/International\/wp-json\/wp\/v2\/types\/post"}],"author":[{"embeddable":true,"href":"https:\/\/linitiative.ca\/International\/wp-json\/wp\/v2\/users\/1738"}],"replies":[{"embeddable":true,"href":"https:\/\/linitiative.ca\/International\/wp-json\/wp\/v2\/comments?post=33458"}],"version-history":[{"count":0,"href":"https:\/\/linitiative.ca\/International\/wp-json\/wp\/v2\/posts\/33458\/revisions"}],"wp:featuredmedia":[{"embeddable":true,"href":"https:\/\/linitiative.ca\/International\/wp-json\/"}],"wp:attachment":[{"href":"https:\/\/linitiative.ca\/International\/wp-json\/wp\/v2\/media?parent=33458"}],"wp:term":[{"taxonomy":"category","embeddable":true,"href":"https:\/\/linitiative.ca\/International\/wp-json\/wp\/v2\/categories?post=33458"},{"taxonomy":"post_tag","embeddable":true,"href":"https:\/\/linitiative.ca\/International\/wp-json\/wp\/v2\/tags?post=33458"}],"curies":[{"name":"wp","href":"https:\/\/api.w.org\/{rel}","templated":true}]}}