{"id":33460,"date":"2019-05-10T15:14:16","date_gmt":"2019-05-10T19:14:16","guid":{"rendered":"https:\/\/linitiative.ca\/International\/pros-ancelotti-ghoulam-sera-plus-fort-la-saison-prochaine\/"},"modified":"2019-05-10T15:14:16","modified_gmt":"2019-05-10T19:14:16","slug":"pros-ancelotti-ghoulam-sera-plus-fort-la-saison-prochaine","status":"publish","type":"post","link":"https:\/\/linitiative.ca\/International\/pros-ancelotti-ghoulam-sera-plus-fort-la-saison-prochaine\/","title":{"rendered":"Pros : Ancelotti : \u00abGhoulam sera plus fort la saison prochaine\u00bb"},"content":{"rendered":"<div readability=\"32\">\n<p>Auteur : <span class=\"time\">vendredi 10 mai 2019 16:22<\/span><\/p>\n<\/div>\n<div id=\"post_core\" readability=\"45\">\n<p>Le m\u00e9dia italien, Corriere dello sport a indiqu\u00e9 que le d\u00e9fenseur Alg\u00e9rien, Faouzi Ghoulam commence \u00e0 retrouver ses rep\u00e8res au sein du club Napolitain, tout en pr\u00e9cisant qu\u2019il sera plus fort la saison prochaine. Selon la m\u00eame source toujours, l\u2019entra\u00eeneur, Carlo Ancelotti souhaite recruter un d\u00e9fenseur arri\u00e8re gauche pour concurrencer Ghoulam, et non pas pour prendre sa place. A l\u2019issue du match face au Cagliari, Ancelotti avait d\u00e9clar\u00e9\u00a0:\u00a0\u00abGhoulam sera plus fort la saison prochaine.\u00bb Rappelons que le quotidien espagnol, Marca avait indiqu\u00e9 qu\u2019Ancelotti souhaitait recruter Theo Hernandez.<\/p>\n<p><strong>Publi\u00e9 dans :<\/strong> <span>ghoulam<\/span> <span>ancelotti<\/span><\/p>\n<\/div>\n<p>Auteur:<br \/>\n<a href=\"http:\/\/www.lebuteur.com\/article\/detail?titre=ancelotti-ghoulam-sera-plus-fort-la-saison-prochaine&#038;id=88677&#038;utm_source=feedburner&#038;utm_medium=feed&#038;utm_campaign=Feed%3A+GalerieFArtciles+%28Les+derniers+articles++-+lebuteur.com%29\">Cliquez ici pour lire l&rsquo;article depuis sa source.<\/a><\/p>\n","protected":false},"excerpt":{"rendered":"<p>Auteur : vendredi 10 mai 2019 16:22 Le m\u00e9dia italien, Corriere dello sport a indiqu\u00e9 que le d\u00e9fenseur Alg\u00e9rien, Faouzi Ghoulam commence \u00e0 retrouver ses rep\u00e8res au sein du club Napolitain, tout en pr\u00e9cisant qu\u2019il sera plus fort la saison prochaine. Selon la m\u00eame source toujours, l\u2019entra\u00eeneur, Carlo Ancelotti souhaite recruter un d\u00e9fenseur arri\u00e8re gauche [&hellip;]<\/p>\n","protected":false},"author":1738,"featured_media":33461,"comment_status":"closed","ping_status":"closed","sticky":false,"template":"","format":"standard","meta":{"fifu_image_url":"","fifu_image_alt":"","footnotes":""},"categories":[53,75],"tags":[],"class_list":["post-33460","post","type-post","status-publish","format-standard","has-post-thumbnail","hentry","category-algerie","category-sport"],"_links":{"self":[{"href":"https:\/\/linitiative.ca\/International\/wp-json\/wp\/v2\/posts\/33460","targetHints":{"allow":["GET"]}}],"collection":[{"href":"https:\/\/linitiative.ca\/International\/wp-json\/wp\/v2\/posts"}],"about":[{"href":"https:\/\/linitiative.ca\/International\/wp-json\/wp\/v2\/types\/post"}],"author":[{"embeddable":true,"href":"https:\/\/linitiative.ca\/International\/wp-json\/wp\/v2\/users\/1738"}],"replies":[{"embeddable":true,"href":"https:\/\/linitiative.ca\/International\/wp-json\/wp\/v2\/comments?post=33460"}],"version-history":[{"count":0,"href":"https:\/\/linitiative.ca\/International\/wp-json\/wp\/v2\/posts\/33460\/revisions"}],"wp:featuredmedia":[{"embeddable":true,"href":"https:\/\/linitiative.ca\/International\/wp-json\/"}],"wp:attachment":[{"href":"https:\/\/linitiative.ca\/International\/wp-json\/wp\/v2\/media?parent=33460"}],"wp:term":[{"taxonomy":"category","embeddable":true,"href":"https:\/\/linitiative.ca\/International\/wp-json\/wp\/v2\/categories?post=33460"},{"taxonomy":"post_tag","embeddable":true,"href":"https:\/\/linitiative.ca\/International\/wp-json\/wp\/v2\/tags?post=33460"}],"curies":[{"name":"wp","href":"https:\/\/api.w.org\/{rel}","templated":true}]}}