{"id":33462,"date":"2019-05-10T15:14:17","date_gmt":"2019-05-10T19:14:17","guid":{"rendered":"https:\/\/linitiative.ca\/International\/international-fc-porto-un-club-espagnol-entre-en-lice-pour-brahimi\/"},"modified":"2019-05-10T15:14:17","modified_gmt":"2019-05-10T19:14:17","slug":"international-fc-porto-un-club-espagnol-entre-en-lice-pour-brahimi","status":"publish","type":"post","link":"https:\/\/linitiative.ca\/International\/international-fc-porto-un-club-espagnol-entre-en-lice-pour-brahimi\/","title":{"rendered":"International : FC Porto: Un club espagnol entre en lice pour Brahimi"},"content":{"rendered":"<div readability=\"32\">\n<p>Auteur : <span class=\"time\">vendredi 10 mai 2019 16:23<\/span><\/p>\n<\/div>\n<div id=\"post_core\" readability=\"40\">\n<p>Auteur d&rsquo;une saison remarqu\u00e9e avec 10 buts et 4 passes d\u00e9cisives en 31 matches de championnat portugais, Yacine Brahimi pourrait rejoindre l&rsquo;effectif du Betis S\u00e9ville la saison prochaine. C\u2019est ce qu\u2019a indiqu\u00e9 le m\u00e9dia portugais, A Bola. Le club andalou, pouss\u00e9 par les conseils de William Carvalho, ancien milieu de terrain du Sporting Portugal qui avait crois\u00e9 plusieurs fois la route de l&rsquo;international alg\u00e9rien en Liga NOS, souhaiterait faire revenir l&rsquo;ex-joueur de Grenade.<\/p>\n<p><strong>Publi\u00e9 dans :<\/strong> <span>Brahimi<\/span><\/p>\n<\/div>\n<p>Auteur:<br \/>\n<a href=\"http:\/\/www.lebuteur.com\/article\/detail?titre=fc-porto-un-club-espagnol-entre-en-lice-pour-brahimi&#038;id=88679&#038;utm_source=feedburner&#038;utm_medium=feed&#038;utm_campaign=Feed%3A+GalerieFArtciles+%28Les+derniers+articles++-+lebuteur.com%29\">Cliquez ici pour lire l&rsquo;article depuis sa source.<\/a><\/p>\n","protected":false},"excerpt":{"rendered":"<p>Auteur : vendredi 10 mai 2019 16:23 Auteur d&rsquo;une saison remarqu\u00e9e avec 10 buts et 4 passes d\u00e9cisives en 31 matches de championnat portugais, Yacine Brahimi pourrait rejoindre l&rsquo;effectif du Betis S\u00e9ville la saison prochaine. C\u2019est ce qu\u2019a indiqu\u00e9 le m\u00e9dia portugais, A Bola. Le club andalou, pouss\u00e9 par les conseils de William Carvalho, ancien [&hellip;]<\/p>\n","protected":false},"author":1738,"featured_media":33463,"comment_status":"closed","ping_status":"closed","sticky":false,"template":"","format":"standard","meta":{"fifu_image_url":"","fifu_image_alt":"","footnotes":""},"categories":[53,75],"tags":[],"class_list":["post-33462","post","type-post","status-publish","format-standard","has-post-thumbnail","hentry","category-algerie","category-sport"],"_links":{"self":[{"href":"https:\/\/linitiative.ca\/International\/wp-json\/wp\/v2\/posts\/33462","targetHints":{"allow":["GET"]}}],"collection":[{"href":"https:\/\/linitiative.ca\/International\/wp-json\/wp\/v2\/posts"}],"about":[{"href":"https:\/\/linitiative.ca\/International\/wp-json\/wp\/v2\/types\/post"}],"author":[{"embeddable":true,"href":"https:\/\/linitiative.ca\/International\/wp-json\/wp\/v2\/users\/1738"}],"replies":[{"embeddable":true,"href":"https:\/\/linitiative.ca\/International\/wp-json\/wp\/v2\/comments?post=33462"}],"version-history":[{"count":0,"href":"https:\/\/linitiative.ca\/International\/wp-json\/wp\/v2\/posts\/33462\/revisions"}],"wp:featuredmedia":[{"embeddable":true,"href":"https:\/\/linitiative.ca\/International\/wp-json\/"}],"wp:attachment":[{"href":"https:\/\/linitiative.ca\/International\/wp-json\/wp\/v2\/media?parent=33462"}],"wp:term":[{"taxonomy":"category","embeddable":true,"href":"https:\/\/linitiative.ca\/International\/wp-json\/wp\/v2\/categories?post=33462"},{"taxonomy":"post_tag","embeddable":true,"href":"https:\/\/linitiative.ca\/International\/wp-json\/wp\/v2\/tags?post=33462"}],"curies":[{"name":"wp","href":"https:\/\/api.w.org\/{rel}","templated":true}]}}