{"id":33464,"date":"2019-05-10T15:14:19","date_gmt":"2019-05-10T19:14:19","guid":{"rendered":"https:\/\/linitiative.ca\/International\/international-benfica-joao-felix-bientot-recompense\/"},"modified":"2019-05-10T15:14:19","modified_gmt":"2019-05-10T19:14:19","slug":"international-benfica-joao-felix-bientot-recompense","status":"publish","type":"post","link":"https:\/\/linitiative.ca\/International\/international-benfica-joao-felix-bientot-recompense\/","title":{"rendered":"International : Benfica : Joao F\u00e9lix bient\u00f4t r\u00e9compens\u00e9"},"content":{"rendered":"<div readability=\"32\">\n<p>Auteur : <span class=\"time\">vendredi 10 mai 2019 18:30<\/span><\/p>\n<\/div>\n<div id=\"post_core\" readability=\"50\">\n<p>Sa cote ne fait qu\u2019augmenter, tout comme la liste de ses pr\u00e9tendants. Ainsi, selon Onzemondial, la jeune p\u00e9pite des \u00c1guias va prolonger son contrat en fin de saison. Toujours selon la m\u00eame source, elui qui touche 800 000\u20ac annuel va d\u00e9sormais percevoir un salaire de 2,5 M\u20ac par an, rejoignant son co\u00e9quipier Jonas au classement des joueurs les mieux pay\u00e9s du club !\u00a0<\/p>\n<p>Une mani\u00e8re de mettre les barbel\u00e9s autour de son joueur. En effet, la Juventus, Manchester City, le Real Madrid ou encore le Paris Saint-Germain s\u2019\u00e9taient positionn\u00e9s sur le jeune joueur. Le natif de Viseu vivra certainement un \u00e9t\u00e9 mouvement\u00e9\u2026<\/p>\n<p><strong>Publi\u00e9 dans :<\/strong> <span>Benfica<\/span> <span>Joao F\u00e9lix<\/span><\/p>\n<\/div>\n<p>Auteur:<br \/>\n<a href=\"http:\/\/www.lebuteur.com\/article\/detail?titre=benfica-joao-felix-bientot-recompense&#038;id=88684&#038;utm_source=feedburner&#038;utm_medium=feed&#038;utm_campaign=Feed%3A+GalerieFArtciles+%28Les+derniers+articles++-+lebuteur.com%29\">Cliquez ici pour lire l&rsquo;article depuis sa source.<\/a><\/p>\n","protected":false},"excerpt":{"rendered":"<p>Auteur : vendredi 10 mai 2019 18:30 Sa cote ne fait qu\u2019augmenter, tout comme la liste de ses pr\u00e9tendants. Ainsi, selon Onzemondial, la jeune p\u00e9pite des \u00c1guias va prolonger son contrat en fin de saison. Toujours selon la m\u00eame source, elui qui touche 800 000\u20ac annuel va d\u00e9sormais percevoir un salaire de 2,5 M\u20ac par [&hellip;]<\/p>\n","protected":false},"author":1738,"featured_media":33465,"comment_status":"closed","ping_status":"closed","sticky":false,"template":"","format":"standard","meta":{"fifu_image_url":"","fifu_image_alt":"","footnotes":""},"categories":[53,75],"tags":[],"class_list":["post-33464","post","type-post","status-publish","format-standard","has-post-thumbnail","hentry","category-algerie","category-sport"],"_links":{"self":[{"href":"https:\/\/linitiative.ca\/International\/wp-json\/wp\/v2\/posts\/33464","targetHints":{"allow":["GET"]}}],"collection":[{"href":"https:\/\/linitiative.ca\/International\/wp-json\/wp\/v2\/posts"}],"about":[{"href":"https:\/\/linitiative.ca\/International\/wp-json\/wp\/v2\/types\/post"}],"author":[{"embeddable":true,"href":"https:\/\/linitiative.ca\/International\/wp-json\/wp\/v2\/users\/1738"}],"replies":[{"embeddable":true,"href":"https:\/\/linitiative.ca\/International\/wp-json\/wp\/v2\/comments?post=33464"}],"version-history":[{"count":0,"href":"https:\/\/linitiative.ca\/International\/wp-json\/wp\/v2\/posts\/33464\/revisions"}],"wp:featuredmedia":[{"embeddable":true,"href":"https:\/\/linitiative.ca\/International\/wp-json\/"}],"wp:attachment":[{"href":"https:\/\/linitiative.ca\/International\/wp-json\/wp\/v2\/media?parent=33464"}],"wp:term":[{"taxonomy":"category","embeddable":true,"href":"https:\/\/linitiative.ca\/International\/wp-json\/wp\/v2\/categories?post=33464"},{"taxonomy":"post_tag","embeddable":true,"href":"https:\/\/linitiative.ca\/International\/wp-json\/wp\/v2\/tags?post=33464"}],"curies":[{"name":"wp","href":"https:\/\/api.w.org\/{rel}","templated":true}]}}