{"id":33468,"date":"2019-05-10T15:14:23","date_gmt":"2019-05-10T19:14:23","guid":{"rendered":"https:\/\/linitiative.ca\/International\/international-tottenham-pochettino-apres-5-ans-je-pense-que-cest-le-moment-de-fermer-un-chapitre\/"},"modified":"2019-05-10T15:14:23","modified_gmt":"2019-05-10T19:14:23","slug":"international-tottenham-pochettino-apres-5-ans-je-pense-que-cest-le-moment-de-fermer-un-chapitre","status":"publish","type":"post","link":"https:\/\/linitiative.ca\/International\/international-tottenham-pochettino-apres-5-ans-je-pense-que-cest-le-moment-de-fermer-un-chapitre\/","title":{"rendered":"International : Tottenham &#8211; Pochettino : \u00ab\u00a0Apr\u00e8s 5 ans, je pense que c\u2019est le moment de fermer un chapitre\u00a0\u00bb"},"content":{"rendered":"<div readability=\"32\">\n<p>Auteur : <span class=\"time\">vendredi 10 mai 2019 19:38<\/span><\/p>\n<\/div>\n<div id=\"post_core\" readability=\"58\">\n<p>Interrog\u00e9 sur son avenir, le coach argentin a clairement expliqu\u00e9 qu\u2019il attendait davantage de ses dirigeants, alors que la derni\u00e8re recrue du club remonte \u00e0 janvier 2018 et la venue de Lucas Moura :<\/p>\n<p>\u00ab\u00a0Apr\u00e8s 5 ans, je pense que c\u2019est le moment de fermer un chapitre. Ce ne sera pas pareil en juillet lorsqu\u2019on commencera la pr\u00e9-saison. C\u2019est tr\u00e8s important d\u2019avoir les id\u00e9es claires par rapport au projet que nous aurons. Il y a 5 ans, c\u2019\u00e9tait tr\u00e8s clair, le projet allait durer jusqu\u2019\u00e0 l\u2019ouverture du stade. Nous sommes fiers de notre facult\u00e9 \u00e0 g\u00e9rer cette situation, c\u2019\u00e9tait tr\u00e8s difficile et c\u2019est magnifique. Mais que faire apr\u00e8s ? C\u2019est la question\u00a0\u00bb, a ainsi lanc\u00e9 le technicien de 47 ans, \u00e0 deux jours du dernier match de Premier League, contre Everton.<\/p>\n<p>En position de force, Mauricio Pochettino met donc la pression sur son pr\u00e9sident, Daniel Levy. \u00ab\u00a0C\u2019est difficile pour moi de m\u2019expliquer. Je dois \u00e9couter Daniel, c\u2019est le patron. La finale sera un moment exceptionnel. Apr\u00e8s la finale, ce sera le temps de parler et d\u2019\u00e9couter\u00a0\u00bb, a-t-il conclu comme le rapporte Football.<\/p>\n<p><strong>Publi\u00e9 dans :<\/strong> <span>Tottenham<\/span><\/p>\n<\/div>\n<p>Auteur:<br \/>\n<a href=\"http:\/\/www.lebuteur.com\/article\/detail?titre=tottenham-pochettino-apres-5-ans-je-pense-que-cest-le-moment-de-fermer-un-chapitre&#038;id=88692&#038;utm_source=feedburner&#038;utm_medium=feed&#038;utm_campaign=Feed%3A+GalerieFArtciles+%28Les+derniers+articles++-+lebuteur.com%29\">Cliquez ici pour lire l&rsquo;article depuis sa source.<\/a><\/p>\n","protected":false},"excerpt":{"rendered":"<p>Auteur : vendredi 10 mai 2019 19:38 Interrog\u00e9 sur son avenir, le coach argentin a clairement expliqu\u00e9 qu\u2019il attendait davantage de ses dirigeants, alors que la derni\u00e8re recrue du club remonte \u00e0 janvier 2018 et la venue de Lucas Moura : \u00ab\u00a0Apr\u00e8s 5 ans, je pense que c\u2019est le moment de fermer un chapitre. Ce [&hellip;]<\/p>\n","protected":false},"author":1738,"featured_media":33469,"comment_status":"closed","ping_status":"closed","sticky":false,"template":"","format":"standard","meta":{"fifu_image_url":"","fifu_image_alt":"","footnotes":""},"categories":[53,75],"tags":[],"class_list":["post-33468","post","type-post","status-publish","format-standard","has-post-thumbnail","hentry","category-algerie","category-sport"],"_links":{"self":[{"href":"https:\/\/linitiative.ca\/International\/wp-json\/wp\/v2\/posts\/33468","targetHints":{"allow":["GET"]}}],"collection":[{"href":"https:\/\/linitiative.ca\/International\/wp-json\/wp\/v2\/posts"}],"about":[{"href":"https:\/\/linitiative.ca\/International\/wp-json\/wp\/v2\/types\/post"}],"author":[{"embeddable":true,"href":"https:\/\/linitiative.ca\/International\/wp-json\/wp\/v2\/users\/1738"}],"replies":[{"embeddable":true,"href":"https:\/\/linitiative.ca\/International\/wp-json\/wp\/v2\/comments?post=33468"}],"version-history":[{"count":0,"href":"https:\/\/linitiative.ca\/International\/wp-json\/wp\/v2\/posts\/33468\/revisions"}],"wp:featuredmedia":[{"embeddable":true,"href":"https:\/\/linitiative.ca\/International\/wp-json\/"}],"wp:attachment":[{"href":"https:\/\/linitiative.ca\/International\/wp-json\/wp\/v2\/media?parent=33468"}],"wp:term":[{"taxonomy":"category","embeddable":true,"href":"https:\/\/linitiative.ca\/International\/wp-json\/wp\/v2\/categories?post=33468"},{"taxonomy":"post_tag","embeddable":true,"href":"https:\/\/linitiative.ca\/International\/wp-json\/wp\/v2\/tags?post=33468"}],"curies":[{"name":"wp","href":"https:\/\/api.w.org\/{rel}","templated":true}]}}