{"id":33470,"date":"2019-05-10T15:14:25","date_gmt":"2019-05-10T19:14:25","guid":{"rendered":"https:\/\/linitiative.ca\/International\/ligue-des-champions-liverpool-cette-chose-qui-choque-jurgen-klopp-avant-la-finale\/"},"modified":"2019-05-10T15:14:25","modified_gmt":"2019-05-10T19:14:25","slug":"ligue-des-champions-liverpool-cette-chose-qui-choque-jurgen-klopp-avant-la-finale","status":"publish","type":"post","link":"https:\/\/linitiative.ca\/International\/ligue-des-champions-liverpool-cette-chose-qui-choque-jurgen-klopp-avant-la-finale\/","title":{"rendered":"Ligue des Champions : Liverpool : Cette chose qui choque Jurgen Klopp avant la finale"},"content":{"rendered":"<div readability=\"32\">\n<p>Auteur : <span class=\"time\">vendredi 10 mai 2019 20:06<\/span><\/p>\n<\/div>\n<div id=\"post_core\" readability=\"60\">\n<p>Le soutien des supporters anglais pour les finales de Ligue des Champions et d&rsquo;Europa League pourrait \u00eatre moindre qu&rsquo;\u00e0 l&rsquo;accoutum\u00e9e, en raison de la tarification impos\u00e9e par l&rsquo;UEFA, et aussi des prix du voyage (\u00e0 Madrid et \u00e0 Bakou). Une situation qui d\u00e9plait \u00e0 Jurgen Klopp, le coach de Liverpool.<\/p>\n<p>L&rsquo;entraineur allemand des Reds a exprim\u00e9 ce vendredi son m\u00e9contentement par rapport aux d\u00e9cisions prises par les instances continentales. \u00ab\u00a0C&rsquo;est irresponsable\u00a0\u00bb, a-t-il notamment l\u00e2ch\u00e9 en creux.<\/p>\n<p>\u00ab\u00a0Les gars (de l&rsquo;UEFA) qui d\u00e9cident du lieu des finales, je ne sais pas ce qu&rsquo;ils prennent au petit-d\u00e9jeuner&#8230; Bakou, je n&rsquo;ai aucune id\u00e9e de comment aller l\u00e0-bas, je ne sais m\u00eame pas s&rsquo;il y a des vols r\u00e9guliers vers cette destination, a-t-il d\u00e9plor\u00e9 \u00e0 propos de la finale de Ligue Europa. Ces d\u00e9cisions doivent \u00eatre plus r\u00e9fl\u00e9chies, ils doivent montrer davantage de consid\u00e9ration pour les fans quand ils choisissent les villes qui accueillent les finales. C&rsquo;est irresponsable, je ne sais pas comment ils font\u00a0\u00bb. Des propos relay\u00e9s par Goal.<\/p>\n<p>Les fans de Tottenham et Liverpool ont par ailleurs publi\u00e9 un communiqu\u00e9 commun pour exprimer leur vif d\u00e9saccord : \u00ab\u00a0Notre joie d&rsquo;atteindre la finale est douch\u00e9e par le prix du voyage, de l&rsquo;h\u00e9bergement et des billets. Les prix des vols vers Madrid et les villes environnantes ont explos\u00e9 de 840 %. Les prix des chambres d&rsquo;h\u00f4tel sont \u00e0 plus de 1 100 euros la nuit [&#8230;] et les billets pour le match sont \u00e0 plus de 600 euros, c&rsquo;est de l&rsquo;extorsion. Il faut de la transparence de l&rsquo;UEFA et de la part de nos clubs sur la mani\u00e8re dont les prix des billets sont fix\u00e9s et comment ils sont distribu\u00e9s.\u00a0\u00bb<\/p>\n<p><strong>Publi\u00e9 dans :<\/strong> <span>liverpool<\/span><\/p>\n<\/div>\n<p>Auteur:<br \/>\n<a href=\"http:\/\/www.lebuteur.com\/article\/detail?titre=liverpool-cette-chose-qui-choque-jurgen-klopp-avant-la-finale&#038;id=88693&#038;utm_source=feedburner&#038;utm_medium=feed&#038;utm_campaign=Feed%3A+GalerieFArtciles+%28Les+derniers+articles++-+lebuteur.com%29\">Cliquez ici pour lire l&rsquo;article depuis sa source.<\/a><\/p>\n","protected":false},"excerpt":{"rendered":"<p>Auteur : vendredi 10 mai 2019 20:06 Le soutien des supporters anglais pour les finales de Ligue des Champions et d&rsquo;Europa League pourrait \u00eatre moindre qu&rsquo;\u00e0 l&rsquo;accoutum\u00e9e, en raison de la tarification impos\u00e9e par l&rsquo;UEFA, et aussi des prix du voyage (\u00e0 Madrid et \u00e0 Bakou). Une situation qui d\u00e9plait \u00e0 Jurgen Klopp, le coach [&hellip;]<\/p>\n","protected":false},"author":1738,"featured_media":33471,"comment_status":"closed","ping_status":"closed","sticky":false,"template":"","format":"standard","meta":{"fifu_image_url":"","fifu_image_alt":"","footnotes":""},"categories":[53,75],"tags":[],"class_list":["post-33470","post","type-post","status-publish","format-standard","has-post-thumbnail","hentry","category-algerie","category-sport"],"_links":{"self":[{"href":"https:\/\/linitiative.ca\/International\/wp-json\/wp\/v2\/posts\/33470","targetHints":{"allow":["GET"]}}],"collection":[{"href":"https:\/\/linitiative.ca\/International\/wp-json\/wp\/v2\/posts"}],"about":[{"href":"https:\/\/linitiative.ca\/International\/wp-json\/wp\/v2\/types\/post"}],"author":[{"embeddable":true,"href":"https:\/\/linitiative.ca\/International\/wp-json\/wp\/v2\/users\/1738"}],"replies":[{"embeddable":true,"href":"https:\/\/linitiative.ca\/International\/wp-json\/wp\/v2\/comments?post=33470"}],"version-history":[{"count":0,"href":"https:\/\/linitiative.ca\/International\/wp-json\/wp\/v2\/posts\/33470\/revisions"}],"wp:featuredmedia":[{"embeddable":true,"href":"https:\/\/linitiative.ca\/International\/wp-json\/"}],"wp:attachment":[{"href":"https:\/\/linitiative.ca\/International\/wp-json\/wp\/v2\/media?parent=33470"}],"wp:term":[{"taxonomy":"category","embeddable":true,"href":"https:\/\/linitiative.ca\/International\/wp-json\/wp\/v2\/categories?post=33470"},{"taxonomy":"post_tag","embeddable":true,"href":"https:\/\/linitiative.ca\/International\/wp-json\/wp\/v2\/tags?post=33470"}],"curies":[{"name":"wp","href":"https:\/\/api.w.org\/{rel}","templated":true}]}}