{"id":33472,"date":"2019-05-10T15:19:13","date_gmt":"2019-05-10T19:19:13","guid":{"rendered":"https:\/\/linitiative.ca\/International\/equilibres-financiers-de-la-caisse-nationale-des-retraites-large-debat-avec-les-partenaires\/"},"modified":"2019-05-10T15:19:13","modified_gmt":"2019-05-10T19:19:13","slug":"equilibres-financiers-de-la-caisse-nationale-des-retraites-large-debat-avec-les-partenaires","status":"publish","type":"post","link":"https:\/\/linitiative.ca\/International\/equilibres-financiers-de-la-caisse-nationale-des-retraites-large-debat-avec-les-partenaires\/","title":{"rendered":"\u00c9quilibres financiers de la Caisse nationale  des retraites :  Large d\u00e9bat avec les partenaires"},"content":{"rendered":"<p>De gros efforts sont consentis par l\u2019\u00c9tat pour la recherche de ressources de financement suppl\u00e9mentaires\u00a0 \u00e0 m\u00eame de garantir la p\u00e9rennit\u00e9 de la Caisse des retraites en vue d\u2019atteindre cet objectif.<\/p>\n<p>Des r\u00e9flexions s\u00e9rieuses pour instaurer une gestion plus efficiente ont \u00e9t\u00e9 lanc\u00e9es \u00e0 cet effet.<\/p>\n<div readability=\"79\">\n<p>Le ministre du Travail, de l\u2019Emploi et de la S\u00e9curit\u00e9 sociale a fait \u00e9tat du lancement prochain d\u2019un large d\u00e9bat r\u00e9unissant l\u2019ensemble des partenaires et les diff\u00e9rentes parties concern\u00e9es pour une concertation sur une s\u00e9rie de propositions relatives aux \u00e9quilibres financiers et au renouvellement de la gestion de la Caisse nationale des retraites (CNR).\u00a0<\/p>\n<p>\u00abNous avons mis en place des ateliers de r\u00e9flexion pour l\u2019\u00e9laboration de propositions et de solutions li\u00e9es notamment aux \u00e9quilibres financiers, \u00e0 la rationalisation des d\u00e9penses et au renouvellement de la gestion de la CNR, afin d\u2019introduire des r\u00e9formes et am\u00e9liorer ce syst\u00e8me\u00bb, a d\u00e9clar\u00e9 Hassan Tidjani Haddam lors d\u2019une rencontre des directeurs des agences de wilayas de la CNR, tenue ce jeudi.<\/p>\n<p>Des propositions qui font actuellement l\u2019objet \u00abd\u2019\u00e9valuation\u00bb et \u00abd\u2019enrichissement\u00bb par les sp\u00e9cialistes et les experts du secteur et feront prochainement l\u2019objet d\u2019un \u00ablarge\u00bb d\u00e9bat regroupant tous les partenaires \u00e9conomiques et sociaux ainsi que les diff\u00e9rentes parties concern\u00e9es, sans exclusion, dans le cadre de la concertation et du dialogue.\u00a0<\/p>\n<p>Le premier responsable du secteur a indiqu\u00e9 que le syst\u00e8me national des retraites fait face, depuis des ann\u00e9es, \u00e0 des difficult\u00e9s financi\u00e8res dues \u00e0 plusieurs facteurs objectifs et autres structurels, \u00e0 l\u2019instar de la \u00abfaible\u00bb croissance des revenus de cotisations, particuli\u00e8rement durant la p\u00e9riode allant de 2015 \u00e0 2018, de l\u2019augmentation \u00abconstante\u00bb des d\u00e9penses avec un taux de croissance annuel estim\u00e9 \u00e0 18% entre 2010 et 2018, en raison de la revalorisation annuelle des avantages de retraite, qui a fait augmenter la moyenne des pensions de 80% durant la p\u00e9riode 2010-2018, l\u2019augmentation des salaires \u00e0 partir de 2012 et le d\u00e9part massif en retraite anticip\u00e9e. Il a estim\u00e9, dans ce sillage, que l\u2019efficacit\u00e9 de ce syst\u00e8me et l\u2019accomplissement de ses missions passe essentiellement par l\u2019am\u00e9lioration \u00abpermanente\u00bb de son fonctionnement \u00e0 travers le d\u00e9veloppement \u00abconstant\u00bb des moyens et modalit\u00e9s de sa gestion.<\/p>\n<p>Lors de cette rencontre, M.\u2008Haddam a instruit le directeur g\u00e9n\u00e9ral de la CNR \u00e0 veiller sur la \u00abrigueur\u00bb dans la gestion, la \u00abrationalisation\u00bb des d\u00e9penses et l\u2019utilisation \u00abrationnelle\u00bb et \u00abefficace\u00bb des ressources humaines et mat\u00e9rielles disponibles, outre la mise en place de \u00abnouveaux\u00bb m\u00e9canismes pour le renforcement du syst\u00e8me de contr\u00f4le interne de la gestion administrative, financi\u00e8re et comptable.\u00a0<\/p>\n<p>Poursuivant ses propos, le ministre a assur\u00e9 de la disponibilit\u00e9 de l\u2019Etat \u00e0 \u00abaccompagner\u00bb la CNR \u00e0 travers une s\u00e9rie de mesures, dont l\u2019affectation de 500 milliards DA du budget de l\u2019Etat \u00e0 la couverture des pensions de retraite au titre de l\u2019exercice 2018, un cr\u00e9dit \u00e0 long terme accord\u00e9 par le Fonds national d\u2019Investissement (FNI) au titre de l\u2019exercice 2019, ainsi que l\u2019introduction d\u2019une taxe douani\u00e8re de l\u2019ordre de 1%, au titre de contribution de solidarit\u00e9, applicable aux op\u00e9rations d\u2019importation de produits destin\u00e9s \u00e0 la consommation en Alg\u00e9rie. \u00ab Pour pr\u00e9server la p\u00e9rennit\u00e9 du syst\u00e8me de retraites, les pouvoirs publics se sont engag\u00e9s \u00e0 garantir le versement des pensions de retraite, quelles que soient les conditions, en d\u00e9pit des difficult\u00e9s financi\u00e8res ayant touch\u00e9 le Tr\u00e9sor public ces derni\u00e8res ann\u00e9es\u00bb, a-t-il promis.<\/p>\n<p>La modernisation et la num\u00e9risation de la caisse ont \u00e9t\u00e9 mises en exergue par Tidjani Hassan Haddam qui a instruit ses responsables \u00e0 \u00abconsolider\u00bb l\u2019introduction de l\u2019informatique et du traitement automatis\u00e9 des fichiers, ainsi que le d\u00e9veloppement de l\u2019interface consacr\u00e9 \u00e0 la retraite et les prestations \u00e0 distance.\u00a0 De son c\u00f4t\u00e9, le directeur g\u00e9n\u00e9ral de la CNR, Slimane Melouka, a r\u00e9v\u00e9l\u00e9 que le nombre des retrait\u00e9s a atteint, \u00e0 fin avril 2019, 3,2 millions contre 2,6 millions fin 2014.<\/p>\n<p>Sarah A. Benali Cherif\u00a0<\/p>\n<p>\u00a0<\/p>\n<\/div>\n<p>Auteur: elmoudjahid<br \/>\n<a href=\"http:\/\/www.elmoudjahid.com\/fr\/actualites\/136756\">Cliquez ici pour lire l&rsquo;article depuis sa source.<\/a><\/p>\n","protected":false},"excerpt":{"rendered":"<p>De gros efforts sont consentis par l\u2019\u00c9tat pour la recherche de ressources de financement suppl\u00e9mentaires\u00a0 \u00e0 m\u00eame de garantir la p\u00e9rennit\u00e9 de la Caisse des retraites en vue d\u2019atteindre cet objectif. Des r\u00e9flexions s\u00e9rieuses pour instaurer une gestion plus efficiente ont \u00e9t\u00e9 lanc\u00e9es \u00e0 cet effet. Le ministre du Travail, de l\u2019Emploi et de la [&hellip;]<\/p>\n","protected":false},"author":1744,"featured_media":0,"comment_status":"closed","ping_status":"closed","sticky":false,"template":"","format":"standard","meta":{"fifu_image_url":"","fifu_image_alt":"","footnotes":""},"categories":[73,53],"tags":[],"class_list":["post-33472","post","type-post","status-publish","format-standard","hentry","category-actualite","category-algerie"],"_links":{"self":[{"href":"https:\/\/linitiative.ca\/International\/wp-json\/wp\/v2\/posts\/33472","targetHints":{"allow":["GET"]}}],"collection":[{"href":"https:\/\/linitiative.ca\/International\/wp-json\/wp\/v2\/posts"}],"about":[{"href":"https:\/\/linitiative.ca\/International\/wp-json\/wp\/v2\/types\/post"}],"author":[{"embeddable":true,"href":"https:\/\/linitiative.ca\/International\/wp-json\/wp\/v2\/users\/1744"}],"replies":[{"embeddable":true,"href":"https:\/\/linitiative.ca\/International\/wp-json\/wp\/v2\/comments?post=33472"}],"version-history":[{"count":0,"href":"https:\/\/linitiative.ca\/International\/wp-json\/wp\/v2\/posts\/33472\/revisions"}],"wp:attachment":[{"href":"https:\/\/linitiative.ca\/International\/wp-json\/wp\/v2\/media?parent=33472"}],"wp:term":[{"taxonomy":"category","embeddable":true,"href":"https:\/\/linitiative.ca\/International\/wp-json\/wp\/v2\/categories?post=33472"},{"taxonomy":"post_tag","embeddable":true,"href":"https:\/\/linitiative.ca\/International\/wp-json\/wp\/v2\/tags?post=33472"}],"curies":[{"name":"wp","href":"https:\/\/api.w.org\/{rel}","templated":true}]}}