{"id":33473,"date":"2019-05-10T15:19:18","date_gmt":"2019-05-10T19:19:18","guid":{"rendered":"https:\/\/linitiative.ca\/International\/lutte-contre-les-feux-de-foret-lexpertise-du-japon-et-de-la-fao-en-renfort\/"},"modified":"2019-05-10T15:19:18","modified_gmt":"2019-05-10T19:19:18","slug":"lutte-contre-les-feux-de-foret-lexpertise-du-japon-et-de-la-fao-en-renfort","status":"publish","type":"post","link":"https:\/\/linitiative.ca\/International\/lutte-contre-les-feux-de-foret-lexpertise-du-japon-et-de-la-fao-en-renfort\/","title":{"rendered":"Lutte contre les feux de for\u00eat :  L\u2019expertise du Japon  et de la FAO en renfort"},"content":{"rendered":"<p>\u00abLe document s&rsquo;articule sur trois principaux axes d\u00e9finis pr\u00e9c\u00e9demment, lors de la rencontre qui a d\u00e9j\u00e0 regroup\u00e9, en 2015, des repr\u00e9sentants de\u00a0 l&rsquo;Organisation onusienne et la DGF, pour identifier les carences de l&rsquo;Alg\u00e9rie en mati\u00e8re de lutte contre les feux de for\u00eat.\u00bb\u00a0\u00a0<\/p>\n<div readability=\"84\">\n<p>C\u2019est\u00a0 ce qu\u2019a d\u00e9clar\u00e9 le Directeur g\u00e9n\u00e9ral des for\u00eats, lors de la signature, jeudi \u00e0 Alger, d\u2019une convention sur l&rsquo;assistance technique pour la\u00a0 gestion des feux de for\u00eat en Alg\u00e9rie entre la\u00a0 DGF, l&rsquo;Organisation des Nations unies pour l&rsquo;alimentation et l&rsquo;agriculture (FAO) et le Japon, repr\u00e9sent\u00e9 par son ambassadeur en Alg\u00e9rie.\u00a0<\/p>\n<p>Ali Mahmoudi a indiqu\u00e9 \u00e0 l\u2019APS que le premier axe de cette coop\u00e9ration, appel\u00e9e \u00e0 renforcer notre plan national de lutte contre ce fl\u00e9au, devrait permettre \u00e0 notre pays de\u00a0 b\u00e9n\u00e9ficier d&rsquo;une assistance technique pour \u00e9laborer un plan national\u00a0 plurisectoriel de gestion des\u00a0 incendies de for\u00eat. \u00abLe deuxi\u00e8me axe porte sur la formation de forestiers dans le domaine de la\u00a0 prospection, pour d\u00e9terminer les causes des incendies, sachant que l\u2019origine de 85% des incendies de for\u00eat est inconnue\u00bb, a-t-il fait savoir, en ajoutant que le dernier axe s&rsquo;articule sur certaines bases normatives que\u00a0 l&rsquo;Alg\u00e9rie devrait acqu\u00e9rir en vue de lui permettre d&rsquo;\u00e9quiper ses for\u00eats en mati\u00e8re d&rsquo;infrastructure de lutte contre les incendies.<\/p>\n<p>De son c\u00f4t\u00e9, l&rsquo;ambassadeur du Japon, dont le pays est le bailleur de fonds de ce projet, a mis en avant l&rsquo;int\u00e9r\u00eat de la coop\u00e9ration pour la lutte contre les incendies de for\u00eat et le changement climatique, et cit\u00e9, \u00e0 ce propos, l&rsquo;intervention de son pays \u00e0 travers des programmes d&rsquo;aide dans plusieurs pays, dont le Mexique, le N\u00e9pal et l&rsquo;Irlande. Kazuya Ogawa a affirm\u00e9 dans la foul\u00e9e que le Japon a renforc\u00e9 sa coop\u00e9ration avec les pays d\u2019Afrique et du Moyen-Orient, et assur\u00e9 que l&rsquo;Alg\u00e9rie \u00e9tait l&rsquo;un de ses \u00abprincipaux\u00bb partenaires dans la r\u00e9gion.\u00a0 \u00a0<\/p>\n<p>Pour sa part, le repr\u00e9sentant de la FAO en Alg\u00e9rie a pr\u00e9venu que notre pays est consid\u00e9r\u00e9 parmi \u00ables plus expos\u00e9s\u00bb au ph\u00e9nom\u00e8ne des feux de for\u00eat dans le bassin m\u00e9diterran\u00e9en, avec une moyenne annuelle de 2.000 foyers d&rsquo;incendie parcourant plus de 36.000 hectares. \u00abCela repr\u00e9sente 1% de la superficie totale bois\u00e9e\u00bb, a indiqu\u00e9 Nabil Assaf, non sans affirmer que malgr\u00e9 les moyens importants de pr\u00e9vention et de lutte mis en place par les pouvoir publics, les difficult\u00e9s persistent dans certains domaines, tels que la recherche des causes d&rsquo;incendie, la ma\u00eetrise des normes techniques en mati\u00e8re d&rsquo;\u00e9quipement et de planification de actions \u00e0 mettre en \u0153uvre.\u00a0 \u00a0<\/p>\n<p>Il a d\u00e9clar\u00e9 par ailleurs que la FAO s&rsquo;est engag\u00e9e \u00e0 soutenir l&rsquo;Alg\u00e9rie dans sa lutte contre ce fl\u00e9au, en lui apportant son \u00abexpertise\u00bb et son \u00abexp\u00e9rience\u00bb \u00e0 travers ce projet d&rsquo;assistance technique pour la gestion des feux de for\u00eat.\u00a0\u00a0<\/p>\n<p>Quant au sous-directeur de la protection des for\u00eats \u00e0 la DGF, Abdelghani Boumessaoud, a fait remarquer que l&rsquo;intensit\u00e9 des feux de for\u00eats en Alg\u00e9rie s&rsquo;est accentu\u00e9e entre 2009 et 2017, en d\u00e9passant les normes avec 2.380 foyers par an, et affirm\u00e9 que les wilaya les plus affect\u00e9s sont celles du\u00a0 centre et de l&rsquo;est du pays. Ainsi, parmi les causes identifi\u00e9es de ces incendies, 6% des sinistres sont caus\u00e9s volontairement, 5% portent sur l&rsquo;activit\u00e9 agricole, d\u2019\u00e9levage\u00a0 et de loisirs, 3% \u00e0 cause des charbonni\u00e8res et 1% des incendies sont provoqu\u00e9s par des \u00e9tincelles des lignes \u00e9lectriques ou des voies de chemin de fer. Toutefois, la majorit\u00e9 des sinistres, soit 85%, ont pour origine des causes inconnues.\u00a0\u00a0<\/p>\n<p>Il convient de signaler que les dommages \u00e9conomiques engendr\u00e9s par ces feux sont estim\u00e9s, selon Abdelghani Boumessaoud, entre 1 et 1,5 milliard de DA de pertes en bois et li\u00e8ge chaque ann\u00e9e. \u00abLa m\u00e9connaissance des causes des incendies nous emp\u00eache d&rsquo;avoir une action cibl\u00e9e et efficace. La convention permettra d\u2019ailleurs d&rsquo;am\u00e9liorer la gestion des incendies sur l&rsquo;ensemble du territoire\u00a0 national\u00bb, a-t-il expliqu\u00e9, avant d\u2019indiquer au passage que\u00a0 cet accord devrait \u00e9galement permettre d&rsquo;adopter au contexte alg\u00e9rien de \u00abnouvelles\u00bb m\u00e9thodes et techniques de lutte utilis\u00e9es ailleurs dans d&rsquo;autres pays du bassin m\u00e9diterran\u00e9en.\u00a0<\/p>\n<p>Sami Ka\u00efdi\u00a0<\/p>\n<\/div>\n<p>Auteur: elmoudjahid<br \/>\n<a href=\"http:\/\/www.elmoudjahid.com\/fr\/actualites\/136757\">Cliquez ici pour lire l&rsquo;article depuis sa source.<\/a><\/p>\n","protected":false},"excerpt":{"rendered":"<p>\u00abLe document s&rsquo;articule sur trois principaux axes d\u00e9finis pr\u00e9c\u00e9demment, lors de la rencontre qui a d\u00e9j\u00e0 regroup\u00e9, en 2015, des repr\u00e9sentants de\u00a0 l&rsquo;Organisation onusienne et la DGF, pour identifier les carences de l&rsquo;Alg\u00e9rie en mati\u00e8re de lutte contre les feux de for\u00eat.\u00bb\u00a0\u00a0 C\u2019est\u00a0 ce qu\u2019a d\u00e9clar\u00e9 le Directeur g\u00e9n\u00e9ral des for\u00eats, lors de la signature, [&hellip;]<\/p>\n","protected":false},"author":1744,"featured_media":0,"comment_status":"closed","ping_status":"closed","sticky":false,"template":"","format":"standard","meta":{"fifu_image_url":"","fifu_image_alt":"","footnotes":""},"categories":[73,53],"tags":[],"class_list":["post-33473","post","type-post","status-publish","format-standard","hentry","category-actualite","category-algerie"],"_links":{"self":[{"href":"https:\/\/linitiative.ca\/International\/wp-json\/wp\/v2\/posts\/33473","targetHints":{"allow":["GET"]}}],"collection":[{"href":"https:\/\/linitiative.ca\/International\/wp-json\/wp\/v2\/posts"}],"about":[{"href":"https:\/\/linitiative.ca\/International\/wp-json\/wp\/v2\/types\/post"}],"author":[{"embeddable":true,"href":"https:\/\/linitiative.ca\/International\/wp-json\/wp\/v2\/users\/1744"}],"replies":[{"embeddable":true,"href":"https:\/\/linitiative.ca\/International\/wp-json\/wp\/v2\/comments?post=33473"}],"version-history":[{"count":0,"href":"https:\/\/linitiative.ca\/International\/wp-json\/wp\/v2\/posts\/33473\/revisions"}],"wp:attachment":[{"href":"https:\/\/linitiative.ca\/International\/wp-json\/wp\/v2\/media?parent=33473"}],"wp:term":[{"taxonomy":"category","embeddable":true,"href":"https:\/\/linitiative.ca\/International\/wp-json\/wp\/v2\/categories?post=33473"},{"taxonomy":"post_tag","embeddable":true,"href":"https:\/\/linitiative.ca\/International\/wp-json\/wp\/v2\/tags?post=33473"}],"curies":[{"name":"wp","href":"https:\/\/api.w.org\/{rel}","templated":true}]}}