{"id":33474,"date":"2019-05-10T15:19:23","date_gmt":"2019-05-10T19:19:23","guid":{"rendered":"https:\/\/linitiative.ca\/International\/signature-prochaine-dun-memorandum-avec-la-serbie-promouvoir-le-tourisme\/"},"modified":"2019-05-10T15:19:23","modified_gmt":"2019-05-10T19:19:23","slug":"signature-prochaine-dun-memorandum-avec-la-serbie-promouvoir-le-tourisme","status":"publish","type":"post","link":"https:\/\/linitiative.ca\/International\/signature-prochaine-dun-memorandum-avec-la-serbie-promouvoir-le-tourisme\/","title":{"rendered":"Signature prochaine d\u2019un m\u00e9morandum avec la Serbie :  promouvoir le tourisme"},"content":{"rendered":"<div class=\"TxArtcile\" readability=\"26\">\n<div class=\"ImgCapt\"><img loading=\"lazy\" decoding=\"async\" width=\"208\" height=\"208\" src=\"http:\/\/www.elmoudjahid.com\/temp\/fr\/actualite2[136758].jpg\" alt=\"\" \/><span>D.R<\/span><\/div>\n<p>Un m\u00e9morandum d&rsquo;entente dans le domaine du Tourisme sera prochainement sign\u00e9 entre l&rsquo;Alg\u00e9rie et la Serbie, a indiqu\u00e9, jeudi, un communiqu\u00e9 du minist\u00e8re. Lors de l&rsquo;audience accord\u00e9e par le ministre du Tourisme et de l&rsquo;Artisanat, Abdelkader Benmessaoud, \u00e0 l&rsquo;ambassadeur de Serbie \u00e0 Alger, Alexandre Jankovic, les deux parties se sont f\u00e9licit\u00e9es des relations et liens historiques profonds unissant les deux pays, exprimant leur fiert\u00e9 des relations de fraternit\u00e9 et de coop\u00e9ration entre les deux pays dans divers domaines et leur souhait de voir se d\u00e9velopper de solides relations de\u00a0 \u00a0coop\u00e9ration en mati\u00e8re de tourisme et d&rsquo;artisanat, \u00e0 travers \u00abla signature\u00a0 \u00a0d&rsquo;un projet de m\u00e9morandum d&rsquo;entente dans les plus brefs d\u00e9lais\u00bb, pr\u00e9cise le communiqu\u00e9.\u00a0 Dans le m\u00eame contexte, le ministre du Tourisme et l&rsquo;ambassadeur de Serbie se sont dit pr\u00eats \u00e0 \u00e9largir le partenariat mutuel et cr\u00e9er de nouvelles perspectives en vue de renforcer la coop\u00e9ration dans le domaine du tourisme et de l&rsquo;artisanat, notamment concernant l&rsquo;\u00e9change d&rsquo;exp\u00e9riences en mati\u00e8re de tourisme thermal, de promotion et de valorisation du produit touristique thermal et de tourisme forestier et hivernal. Enfin, les deux parties sont convenues de poursuivre les efforts visant le renforcement des relations de coop\u00e9ration en mati\u00e8re de tourisme et\u00a0 \u00a0d&rsquo;artisanat, et de travailler de concert pour asseoir un partenariat mutuel\u00a0 \u00a0au service des int\u00e9r\u00eats communs des deux pays fr\u00e8res, conclut la source.<\/p>\n<\/div>\n<div class=\"ModliArtilUne\">\n<ul>\n<li><strong>Publi\u00e9 dans :<\/strong><\/li>\n<\/ul>\n<\/div>\n<div class=\"MbComIns\" id=\"newcom\" readability=\"5.69402985075\">\n<h6>DONNEZ VOTRE AVIS<\/h6>\n<p>Il n&rsquo;y a actuellement aucune r\u00e9action \u00e0 cette information. Soyez le premier \u00e0 r\u00e9agir !<\/p>\n<p><a href=\"\" rel=\"#popup\" class=\"login resetbutton\">Identifiez-vous<\/a><a class=\"button\" href=\"http:\/\/www.elmoudjahid.com\/fr\/inscription\/\"><span>S&rsquo;inscrire<\/span><\/a><\/p>\n<\/div>\n<p>Auteur: elmoudjahid<br \/>\n<a href=\"http:\/\/www.elmoudjahid.com\/fr\/actualites\/136758\">Cliquez ici pour lire l&rsquo;article depuis sa source.<\/a><\/p>\n","protected":false},"excerpt":{"rendered":"<p>D.R Un m\u00e9morandum d&rsquo;entente dans le domaine du Tourisme sera prochainement sign\u00e9 entre l&rsquo;Alg\u00e9rie et la Serbie, a indiqu\u00e9, jeudi, un communiqu\u00e9 du minist\u00e8re. Lors de l&rsquo;audience accord\u00e9e par le ministre du Tourisme et de l&rsquo;Artisanat, Abdelkader Benmessaoud, \u00e0 l&rsquo;ambassadeur de Serbie \u00e0 Alger, Alexandre Jankovic, les deux parties se sont f\u00e9licit\u00e9es des relations et [&hellip;]<\/p>\n","protected":false},"author":1744,"featured_media":33475,"comment_status":"closed","ping_status":"closed","sticky":false,"template":"","format":"standard","meta":{"fifu_image_url":"","fifu_image_alt":"","footnotes":""},"categories":[73,53],"tags":[],"class_list":["post-33474","post","type-post","status-publish","format-standard","has-post-thumbnail","hentry","category-actualite","category-algerie"],"_links":{"self":[{"href":"https:\/\/linitiative.ca\/International\/wp-json\/wp\/v2\/posts\/33474","targetHints":{"allow":["GET"]}}],"collection":[{"href":"https:\/\/linitiative.ca\/International\/wp-json\/wp\/v2\/posts"}],"about":[{"href":"https:\/\/linitiative.ca\/International\/wp-json\/wp\/v2\/types\/post"}],"author":[{"embeddable":true,"href":"https:\/\/linitiative.ca\/International\/wp-json\/wp\/v2\/users\/1744"}],"replies":[{"embeddable":true,"href":"https:\/\/linitiative.ca\/International\/wp-json\/wp\/v2\/comments?post=33474"}],"version-history":[{"count":0,"href":"https:\/\/linitiative.ca\/International\/wp-json\/wp\/v2\/posts\/33474\/revisions"}],"wp:featuredmedia":[{"embeddable":true,"href":"https:\/\/linitiative.ca\/International\/wp-json\/"}],"wp:attachment":[{"href":"https:\/\/linitiative.ca\/International\/wp-json\/wp\/v2\/media?parent=33474"}],"wp:term":[{"taxonomy":"category","embeddable":true,"href":"https:\/\/linitiative.ca\/International\/wp-json\/wp\/v2\/categories?post=33474"},{"taxonomy":"post_tag","embeddable":true,"href":"https:\/\/linitiative.ca\/International\/wp-json\/wp\/v2\/tags?post=33474"}],"curies":[{"name":"wp","href":"https:\/\/api.w.org\/{rel}","templated":true}]}}