{"id":33476,"date":"2019-05-10T15:19:29","date_gmt":"2019-05-10T19:19:29","guid":{"rendered":"https:\/\/linitiative.ca\/International\/chantiers-de-logement-des-commissions-pour-le-controle-de-la-qualite\/"},"modified":"2019-05-10T15:19:29","modified_gmt":"2019-05-10T19:19:29","slug":"chantiers-de-logement-des-commissions-pour-le-controle-de-la-qualite","status":"publish","type":"post","link":"https:\/\/linitiative.ca\/International\/chantiers-de-logement-des-commissions-pour-le-controle-de-la-qualite\/","title":{"rendered":"Chantiers de logement :  Des commissions pour le contr\u00f4le de la qualit\u00e9"},"content":{"rendered":"<p>Le ministre de l&rsquo;Habitat, de l&rsquo;Urbanisme et de la\u00a0 \u00a0Ville, Kamel Beldjoudi, a annonc\u00e9, jeudi \u00e0 Blida, l&rsquo;installation de commissions ad hoc pour le contr\u00f4le de la qualit\u00e9 des travaux dans tous les chantiers de logement \u00e0 travers le pays.\u00a0 \u00a0<\/p>\n<p>Des commissions ad hoc compos\u00e9es de techniciens sp\u00e9cialis\u00e9s de l&rsquo;Organisme national de contr\u00f4le technique de la construction (CTC) ont \u00e9t\u00e9 mise en\u00a0 place pour le contr\u00f4le de la qualit\u00e9 des travaux dans les chantiers de logement \u00e0 travers tout le pays, a d\u00e9clar\u00e9 le ministre \u00e0 la presse, en marge de sa visite d&rsquo;inspection des projets relevant de son secteur dans la wilaya. Ces commissions inspecteront tous les chantiers de logement et proc\u00e9deront\u00a0 \u00a0au contr\u00f4le de tout ce qui a trait \u00e0 la construction, comme ciment, peintures, portes et autres, pour \u00e9tablir, par la suite, des rapports exhaustifs, a fait savoir le ministre qui a pr\u00e9venu que des mesures \u00abstrictes\u00bb et des \u00absanctions\u00bb seront prises \u00e0 l&rsquo;encontre des contrevenant aux dispositions de qualit\u00e9. \u00abNous veillerons au suivi de tous les projets de logement et nous\u00a0 \u00a0n&rsquo;\u00e9pargnerons pas les coupables de triche sur la qualit\u00e9\u00bb,\u00a0 a affirm\u00e9 le ministre qui a appel\u00e9 \u00abau respect des cahiers de charges\u00bb.\u00a0<\/p>\n<p>\u00abLa qualit\u00e9 est la responsabilit\u00e9 de tout un chacun, \u00e0 commencer par\u00a0 l&rsquo;Entreprise de r\u00e9alisation, le bureau d&rsquo;\u00e9tudes, ainsi que les responsables charg\u00e9s du suivi des programmes\u00bb, a-t-il insist\u00e9. Lors de l&rsquo;inspection des diff\u00e9rents projets de logement dans la wilaya, M.\u00a0 \u00a0Beldjoudi a affirm\u00e9 que \u00able citoyen attend de nous des logements de qualit\u00e9, confortables et dot\u00e9s de toutes les commodit\u00e9s n\u00e9cessaires\u00bb.\u00a0<\/p>\n<p>Auteur: elmoudjahid<br \/>\n<a href=\"http:\/\/www.elmoudjahid.com\/fr\/actualites\/136759\">Cliquez ici pour lire l&rsquo;article depuis sa source.<\/a><\/p>\n","protected":false},"excerpt":{"rendered":"<p>Le ministre de l&rsquo;Habitat, de l&rsquo;Urbanisme et de la\u00a0 \u00a0Ville, Kamel Beldjoudi, a annonc\u00e9, jeudi \u00e0 Blida, l&rsquo;installation de commissions ad hoc pour le contr\u00f4le de la qualit\u00e9 des travaux dans tous les chantiers de logement \u00e0 travers le pays.\u00a0 \u00a0 Des commissions ad hoc compos\u00e9es de techniciens sp\u00e9cialis\u00e9s de l&rsquo;Organisme national de contr\u00f4le technique [&hellip;]<\/p>\n","protected":false},"author":1744,"featured_media":0,"comment_status":"closed","ping_status":"closed","sticky":false,"template":"","format":"standard","meta":{"fifu_image_url":"","fifu_image_alt":"","footnotes":""},"categories":[73,53],"tags":[],"class_list":["post-33476","post","type-post","status-publish","format-standard","hentry","category-actualite","category-algerie"],"_links":{"self":[{"href":"https:\/\/linitiative.ca\/International\/wp-json\/wp\/v2\/posts\/33476","targetHints":{"allow":["GET"]}}],"collection":[{"href":"https:\/\/linitiative.ca\/International\/wp-json\/wp\/v2\/posts"}],"about":[{"href":"https:\/\/linitiative.ca\/International\/wp-json\/wp\/v2\/types\/post"}],"author":[{"embeddable":true,"href":"https:\/\/linitiative.ca\/International\/wp-json\/wp\/v2\/users\/1744"}],"replies":[{"embeddable":true,"href":"https:\/\/linitiative.ca\/International\/wp-json\/wp\/v2\/comments?post=33476"}],"version-history":[{"count":0,"href":"https:\/\/linitiative.ca\/International\/wp-json\/wp\/v2\/posts\/33476\/revisions"}],"wp:attachment":[{"href":"https:\/\/linitiative.ca\/International\/wp-json\/wp\/v2\/media?parent=33476"}],"wp:term":[{"taxonomy":"category","embeddable":true,"href":"https:\/\/linitiative.ca\/International\/wp-json\/wp\/v2\/categories?post=33476"},{"taxonomy":"post_tag","embeddable":true,"href":"https:\/\/linitiative.ca\/International\/wp-json\/wp\/v2\/tags?post=33476"}],"curies":[{"name":"wp","href":"https:\/\/api.w.org\/{rel}","templated":true}]}}