{"id":33477,"date":"2019-05-10T15:19:32","date_gmt":"2019-05-10T19:19:32","guid":{"rendered":"https:\/\/linitiative.ca\/International\/etablissements-de-lanp-baptisation-aux-noms-de-chouhada\/"},"modified":"2019-05-10T15:19:32","modified_gmt":"2019-05-10T19:19:32","slug":"etablissements-de-lanp-baptisation-aux-noms-de-chouhada","status":"publish","type":"post","link":"https:\/\/linitiative.ca\/International\/etablissements-de-lanp-baptisation-aux-noms-de-chouhada\/","title":{"rendered":"\u00c9tablissements de l\u2019ANP :  Baptisation aux noms  de chouhada"},"content":{"rendered":"<div class=\"TxArtcile\" readability=\"50\">\n<div class=\"ImgCapt\"><img loading=\"lazy\" decoding=\"async\" width=\"208\" height=\"208\" src=\"http:\/\/www.elmoudjahid.com\/temp\/fr\/actualite2[136760].jpg\" alt=\"\" \/><span>D.R<\/span><\/div>\n<p>Plusieurs \u00e9tablissements de l&rsquo;Arm\u00e9e nationale populaire des R\u00e9gions militaires I, II, IV et VI ont \u00e9t\u00e9 baptis\u00e9es, mercredi, des noms de chouhada de la R\u00e9volution de lib\u00e9ration, \u00e0 l&rsquo;occasion de la comm\u00e9moration du 74e anniversaire des massacres du 8 mai 1945, a indiqu\u00e9 un communiqu\u00e9 du minist\u00e8re de la D\u00e9fense nationale. Le Commandant de la Gendarmerie nationale, le G\u00e9n\u00e9ral Ghali Belkecir, a pr\u00e9sid\u00e9 la c\u00e9r\u00e9monie de baptisation de l&rsquo;\u00c9tablissement central de soutien au mat\u00e9riel de la GN d&rsquo;El-Harrach du nom de chahid Chetouh Abderrahmane, en pr\u00e9sence d&rsquo;officiers, de cadres du Commandement de la GN et de la famille du chahid, qui a \u00e9t\u00e9 honor\u00e9e \u00e0 cette occasion, pr\u00e9cise le communiqu\u00e9. Ainsi, le nom du chahid Sidi Yakhlef Mohamed a \u00e9t\u00e9 donn\u00e9 au Bataillon 91 de la police militaire relevant de la RM I, lors d&rsquo;une c\u00e9r\u00e9monie pr\u00e9sid\u00e9e par le g\u00e9n\u00e9ral major Ali Sidane, chef de cette R\u00e9gion, en pr\u00e9sence\u00a0 \u00a0d&rsquo;officiers et de cadres, de moudjahidine, de compagnons d&rsquo;armes et de la famille du chahid, \u00e0 qui ont \u00e9t\u00e9 remis des cadeaux symboliques. Pour sa part, le Centre du service national d\u2019Ouargla (RM IV) a \u00e9t\u00e9 baptis\u00e9 du nom du chahid Ghebaichi Bachir, lors d&rsquo;une c\u00e9r\u00e9monie pr\u00e9sid\u00e9e par le g\u00e9n\u00e9ral major Alaimia Hassen, chef de la r\u00e9gion, en pr\u00e9sence d&rsquo;officiers et de cadres de la r\u00e9gion et des autorit\u00e9s locales de la wilaya d\u2019Ouargla, en sus d&rsquo;un nombre de moudjahidine et de compagnons d&rsquo;armes du chahid.\u00a0 La famille de Ghebaichi Bachir a \u00e9galement \u00e9t\u00e9 honor\u00e9e, lors de cette c\u00e9r\u00e9monie. Lors d&rsquo;une c\u00e9r\u00e9monie pr\u00e9sid\u00e9e par le chef du deuxi\u00e8me Commandement r\u00e9gional de la GN \u00e0 Oran, le colonel Triki Mohamed, le Groupement territorial de la Gendarmerie nationale de Mascara (RM II) a \u00e9t\u00e9 baptis\u00e9 du nom du chahid Habouche Abdelkader. \u00c0 la fin de la c\u00e9r\u00e9monie, un hommage a \u00e9t\u00e9 rendu \u00e0 la famille Habouche, en pr\u00e9sence de nombre d&rsquo;officiers, de cadres, d&rsquo;autorit\u00e9s de wilayas et de moudjahidine. Dans la VI R\u00e9gion militaire, et conform\u00e9ment \u00e0 la d\u00e9cision du Haut commandement de l&rsquo;ANP, le\u00a0 Groupement r\u00e9gional des travaux d&rsquo;infrastructures a \u00e9t\u00e9 baptis\u00e9 du nom du chahid Ahmed Hachemi, et l&rsquo;Etablissement de maintenance et de r\u00e9novation du mat\u00e9riel du nom de Nouari Miloud, lors de\u00a0 \u00a0deux c\u00e9r\u00e9monies pr\u00e9sid\u00e9es par le g\u00e9n\u00e9ral major Adjroud Mohamed, chef de r\u00e9gion, en pr\u00e9sence de cadres, de moudjahidine et de compagnons d&rsquo;armes des deux chahids. Un hommage a \u00e9t\u00e9 rendu, \u00e0 cette occasion, aux familles des chahids.\u00a0<\/p>\n<\/div>\n<div class=\"ModliArtilUne\">\n<ul>\n<li><strong>Publi\u00e9 dans :<\/strong><\/li>\n<\/ul>\n<\/div>\n<div class=\"MbComIns\" id=\"newcom\" readability=\"5.69402985075\">\n<h6>DONNEZ VOTRE AVIS<\/h6>\n<p>Il n&rsquo;y a actuellement aucune r\u00e9action \u00e0 cette information. Soyez le premier \u00e0 r\u00e9agir !<\/p>\n<p><a href=\"\" rel=\"#popup\" class=\"login resetbutton\">Identifiez-vous<\/a><a class=\"button\" href=\"http:\/\/www.elmoudjahid.com\/fr\/inscription\/\"><span>S&rsquo;inscrire<\/span><\/a><\/p>\n<\/div>\n<p>Auteur: elmoudjahid<br \/>\n<a href=\"http:\/\/www.elmoudjahid.com\/fr\/actualites\/136760\">Cliquez ici pour lire l&rsquo;article depuis sa source.<\/a><\/p>\n","protected":false},"excerpt":{"rendered":"<p>D.R Plusieurs \u00e9tablissements de l&rsquo;Arm\u00e9e nationale populaire des R\u00e9gions militaires I, II, IV et VI ont \u00e9t\u00e9 baptis\u00e9es, mercredi, des noms de chouhada de la R\u00e9volution de lib\u00e9ration, \u00e0 l&rsquo;occasion de la comm\u00e9moration du 74e anniversaire des massacres du 8 mai 1945, a indiqu\u00e9 un communiqu\u00e9 du minist\u00e8re de la D\u00e9fense nationale. Le Commandant de [&hellip;]<\/p>\n","protected":false},"author":1744,"featured_media":33478,"comment_status":"closed","ping_status":"closed","sticky":false,"template":"","format":"standard","meta":{"fifu_image_url":"","fifu_image_alt":"","footnotes":""},"categories":[73,53],"tags":[],"class_list":["post-33477","post","type-post","status-publish","format-standard","has-post-thumbnail","hentry","category-actualite","category-algerie"],"_links":{"self":[{"href":"https:\/\/linitiative.ca\/International\/wp-json\/wp\/v2\/posts\/33477","targetHints":{"allow":["GET"]}}],"collection":[{"href":"https:\/\/linitiative.ca\/International\/wp-json\/wp\/v2\/posts"}],"about":[{"href":"https:\/\/linitiative.ca\/International\/wp-json\/wp\/v2\/types\/post"}],"author":[{"embeddable":true,"href":"https:\/\/linitiative.ca\/International\/wp-json\/wp\/v2\/users\/1744"}],"replies":[{"embeddable":true,"href":"https:\/\/linitiative.ca\/International\/wp-json\/wp\/v2\/comments?post=33477"}],"version-history":[{"count":0,"href":"https:\/\/linitiative.ca\/International\/wp-json\/wp\/v2\/posts\/33477\/revisions"}],"wp:featuredmedia":[{"embeddable":true,"href":"https:\/\/linitiative.ca\/International\/wp-json\/"}],"wp:attachment":[{"href":"https:\/\/linitiative.ca\/International\/wp-json\/wp\/v2\/media?parent=33477"}],"wp:term":[{"taxonomy":"category","embeddable":true,"href":"https:\/\/linitiative.ca\/International\/wp-json\/wp\/v2\/categories?post=33477"},{"taxonomy":"post_tag","embeddable":true,"href":"https:\/\/linitiative.ca\/International\/wp-json\/wp\/v2\/tags?post=33477"}],"curies":[{"name":"wp","href":"https:\/\/api.w.org\/{rel}","templated":true}]}}