{"id":33479,"date":"2019-05-10T15:19:38","date_gmt":"2019-05-10T19:19:38","guid":{"rendered":"https:\/\/linitiative.ca\/International\/commentaire-aspirations\/"},"modified":"2019-05-10T15:19:38","modified_gmt":"2019-05-10T19:19:38","slug":"commentaire-aspirations","status":"publish","type":"post","link":"https:\/\/linitiative.ca\/International\/commentaire-aspirations\/","title":{"rendered":"Commentaire : Aspirations"},"content":{"rendered":"<p>Deux mois nous s\u00e9parent de la pr\u00e9sidentielle du 4 juillet. Gouvernement, partis et personnalit\u00e9s se pr\u00e9parent \u00e0 ce rendez-vous, pour permettre aux \u00e9lecteurs d\u2019op\u00e9rer le choix du candidat qui pr\u00e9sidera aux destin\u00e9es du pays pendant les cinq prochaines ann\u00e9es. Le nouveau pr\u00e9sident issu d\u2019un vote d\u00e9mocratique et transparent aura toute latitude de prendre les d\u00e9cisions, de concert avec les autres institutions, pour mettre en \u0153uvre les r\u00e9formes r\u00e9clam\u00e9es par la population depuis des semaines.<\/p>\n<p>Une fois les composantes essentielles des forces extraconstitutionnelles neutralis\u00e9es, la voie sera ouverte \u00e0 la poursuite de la r\u00e9flexion sur les meilleurs moyens de sortie de crise sans parasitage aucun. Le\u2008maintien du pays sur la voie constitutionnelle demeure l\u2019objectif strat\u00e9gique de l\u2019\u00c9tat et de diverses parties de la classe politique, afin d\u2019\u00e9viter tout d\u00e9rapage qui aurait des cons\u00e9quences n\u00e9fastes sur la stabilit\u00e9 du pays, comme l\u2019a rappel\u00e9 r\u00e9cemment le chef de l\u2019\u00c9tat, M. Abdelkader Bensalah.<\/p>\n<p>En ces circonstances particuli\u00e8res, la nation a besoin de th\u00e9rapies efficaces permettant de mener \u00e0 bien sa d\u00e9termination \u00e0 construire un avenir meilleur auquel aspirent toutes les composantes de la soci\u00e9t\u00e9.\u00a0\u00a0<\/p>\n<p>Les semaines \u00e0 venir seront d\u00e9cisives, et aucune d\u00e9cision qualitative ne pourrait contribuer \u00e0 calmer les esprits si elle n\u2019a pas lieu dans un contexte de s\u00e9r\u00e9nit\u00e9 et de calme. Jusqu\u2019\u00e0 pr\u00e9sent, tout s\u2019est d\u00e9roul\u00e9 dans l\u2019ordre, \u00e0 travers des marches pacifiques, et tous esp\u00e8rent que le mouvement populaire ne d\u00e9rapera pas et ne d\u00e9viera pas de cette tendance, malgr\u00e9 les plans de quelques excit\u00e9s qui ne voient pas d\u2019un bon \u0153il le fait que le peuple a fait montre d\u2019un haut niveau de conscience et de maturit\u00e9.<\/p>\n<p>Les manifestant ont exprim\u00e9 des revendications l\u00e9gitimes pour parvenir au changement tant d\u00e9sir\u00e9 bas\u00e9 sur une pratique d\u00e9mocratique accompagn\u00e9e d\u2019un effort de d\u00e9veloppement \u00e0 m\u00eame de projeter le pays dans la prosp\u00e9rit\u00e9.\u00a0\u00a0<\/p>\n<p>Ces aspirations sont entendues par l\u2019\u00c9tat qui \u0153uvre inlassablement \u00e0 la recherche d\u2019un large consensus au sein de toutes les sph\u00e8res de la soci\u00e9t\u00e9 pour accompagner cette phase cruciale de l\u2019\u00e9volution de l\u2019Alg\u00e9rie. D\u2019ores et d\u00e9j\u00e0, les actions qui s\u2019inscrivent dans le cadre de la lutte contre la corruption et la dilapidation des deniers publics ont \u00e9t\u00e9 bien accueillies, notamment apr\u00e8s l\u2019acc\u00e9l\u00e9ration du processus, ces derniers jours.<\/p>\n<p>A. M.<\/p>\n<p>Auteur: elmoudjahid<br \/>\n<a href=\"http:\/\/www.elmoudjahid.com\/fr\/actualites\/136761\">Cliquez ici pour lire l&rsquo;article depuis sa source.<\/a><\/p>\n","protected":false},"excerpt":{"rendered":"<p>Deux mois nous s\u00e9parent de la pr\u00e9sidentielle du 4 juillet. Gouvernement, partis et personnalit\u00e9s se pr\u00e9parent \u00e0 ce rendez-vous, pour permettre aux \u00e9lecteurs d\u2019op\u00e9rer le choix du candidat qui pr\u00e9sidera aux destin\u00e9es du pays pendant les cinq prochaines ann\u00e9es. Le nouveau pr\u00e9sident issu d\u2019un vote d\u00e9mocratique et transparent aura toute latitude de prendre les d\u00e9cisions, [&hellip;]<\/p>\n","protected":false},"author":1744,"featured_media":0,"comment_status":"closed","ping_status":"closed","sticky":false,"template":"","format":"standard","meta":{"fifu_image_url":"","fifu_image_alt":"","footnotes":""},"categories":[73,53],"tags":[],"class_list":["post-33479","post","type-post","status-publish","format-standard","hentry","category-actualite","category-algerie"],"_links":{"self":[{"href":"https:\/\/linitiative.ca\/International\/wp-json\/wp\/v2\/posts\/33479","targetHints":{"allow":["GET"]}}],"collection":[{"href":"https:\/\/linitiative.ca\/International\/wp-json\/wp\/v2\/posts"}],"about":[{"href":"https:\/\/linitiative.ca\/International\/wp-json\/wp\/v2\/types\/post"}],"author":[{"embeddable":true,"href":"https:\/\/linitiative.ca\/International\/wp-json\/wp\/v2\/users\/1744"}],"replies":[{"embeddable":true,"href":"https:\/\/linitiative.ca\/International\/wp-json\/wp\/v2\/comments?post=33479"}],"version-history":[{"count":0,"href":"https:\/\/linitiative.ca\/International\/wp-json\/wp\/v2\/posts\/33479\/revisions"}],"wp:attachment":[{"href":"https:\/\/linitiative.ca\/International\/wp-json\/wp\/v2\/media?parent=33479"}],"wp:term":[{"taxonomy":"category","embeddable":true,"href":"https:\/\/linitiative.ca\/International\/wp-json\/wp\/v2\/categories?post=33479"},{"taxonomy":"post_tag","embeddable":true,"href":"https:\/\/linitiative.ca\/International\/wp-json\/wp\/v2\/tags?post=33479"}],"curies":[{"name":"wp","href":"https:\/\/api.w.org\/{rel}","templated":true}]}}