{"id":33480,"date":"2019-05-10T15:19:42","date_gmt":"2019-05-10T19:19:42","guid":{"rendered":"https:\/\/linitiative.ca\/International\/crise-politique-manifeste-pour-une-algerie-nouvelle\/"},"modified":"2019-05-10T15:19:42","modified_gmt":"2019-05-10T19:19:42","slug":"crise-politique-manifeste-pour-une-algerie-nouvelle","status":"publish","type":"post","link":"https:\/\/linitiative.ca\/International\/crise-politique-manifeste-pour-une-algerie-nouvelle\/","title":{"rendered":"Crise politique  :  Manifeste pour une Alg\u00e9rie nouvelle"},"content":{"rendered":"<p>Des militants politiques issus de diff\u00e9rentes formations ont propos\u00e9, lors d\u2019une table ronde \u00e0 Tizi Ouzou, un manifeste pour une sortie de la crise politique actuelle et l\u2019av\u00e8nement d\u2019une \u00abnouvelle R\u00e9publique\u00bb.\u00a0<\/p>\n<div readability=\"67.5\">Au cours de cette rencontre, organis\u00e9e jeudi soir \u00e0 l\u2019universit\u00e9 Mouloud-Mammeri (UMMTO), les promoteurs de la proposition, intitul\u00e9e \u00abManifeste pour une Alg\u00e9rie nouvelle\u00bb, ont indiqu\u00e9 que cette contribution se veut un moyen permettant de \u00abrefonder l\u2019\u00c9tat\u00bb pour l\u2019av\u00e8nement d\u2019une nouvelle R\u00e9publique\u00bb. \u00abLa d\u00e9mocratie repose essentiellement sur deux piliers, \u00e0 savoir la libert\u00e9 et l\u2019\u00e9galit\u00e9, et ne peut se r\u00e9duire au seul suffrage universel\u00bb, a soutenu Tarik Mira, ancien responsable du Rassemblement pour la culture et la d\u00e9mocratie (RCD) et l\u2019un des r\u00e9dacteurs d\u2019un document ponctuant cette rencontre. C\u2019est pourquoi il est primordial, a-t-il poursuivi, de promouvoir \u00abune d\u00e9mocratie substantielle\u00bb qui consacre toutes les libert\u00e9s, collectives et individuelles, et non pas juste \u00abune d\u00e9mocratie arithm\u00e9tique et de proc\u00e9dures\u00bb. Pour sa part, Hamid Ouazar, ancien responsable et d\u00e9put\u00e9 du Front des forces socialistes (FFS), a relev\u00e9 \u00abune profusion de propositions pour une sortie de crise\u00bb depuis le 22 f\u00e9vrier dernier, mais qui portent toutes, a-t-il d\u00e9plor\u00e9, sur \u00ables m\u00e9canismes et les personnes devant g\u00e9rer cette transition\u00bb. Or, fait-il remarquer, \u00abla cons\u00e9cration de la d\u00e9mocratie est li\u00e9e \u00e0 la nature de l\u2019\u00c9tat que nous voulons construire\u00bb. \u00abNous devons d\u2019abord savoir ce que nous voulons, et ensuite d\u00e9finir quelles sont les instances et les m\u00e9canismes \u00e0 mettre en place et choisir ceux qui vont les g\u00e9rer\u00bb, a-t-il expliqu\u00e9. Les r\u00e9dacteurs de ce manifeste rel\u00e8vent, dans son pr\u00e9ambule, que la construction de \u00abl\u2019\u00c9tat d\u00e9mocratique et social\u00bb dans \u00able respect des libert\u00e9s fondamentales\u00bb, \u00e9nonc\u00e9e par la plate-forme de la Soummam et la D\u00e9claration du 1er Novembre 1954, n\u2019a pas abouti. Ils soulignent, \u00e0 cet effet, \u00abla n\u00e9cessit\u00e9 de refonder l\u2019\u00c9tat pour l\u2019av\u00e8nement d\u2019une nouvelle R\u00e9publique en combinant valeurs, principes et fondements de la d\u00e9mocratie, avec notre r\u00e9f\u00e9rentiel m\u00e9moriel dont la lutte de lib\u00e9ration nationale reste un exemple et l\u2019\u00e9l\u00e9ment constitutif de l\u2019\u00e9dification de l\u2019\u00c9tat national souverain\u00bb. D\u00e9clarant, par ailleurs, \u00abagir en faveur d\u2019un mouvement d\u2019opinion pour la concr\u00e9tisation, par des moyens pacifiques, des objectifs de ce manifeste\u00bb, ces militants, qui ont lanc\u00e9 une campagne de collecte d\u2019un million de signatures, ont appel\u00e9 \u00e0 consacrer les \u00e9l\u00e9ments de ce manifeste au c\u0153ur des \u00abassise des institutions de la transition et de la Constituante\u00bb.<\/p>\n<hr \/>\n<p><strong>B\u00e9JA\u00efA<\/strong><\/p>\n<p><strong>Beaucoup de d\u00e9termination<\/strong><\/p>\n<div readability=\"43\">\n<p>Le douzi\u00e8me vendredi de la mobilisation du mouvement populaire pacifique qui revendique le d\u00e9part du syst\u00e8me en place a \u00e9t\u00e9 marqu\u00e9 pour ce premier vendredi de je\u00fbne du mois b\u00e9ni de Ramadhan avec beaucoup de d\u00e9termination de demeurer plus que mobilis\u00e9 jusqu\u2019au d\u00e9part sans condition du syst\u00e8me en place, comme exig\u00e9 \u00e0 travers les pancartes brandies par les manifestants \u00e0 travers les art\u00e8res de la ville de B\u00e9ja\u00efa. \u00abPouvoir d\u00e9gage \u2013 Syst\u00e8me d\u00e9gage\u00bb, \u00abUlach Smah &#8211; Ulach Lvote\u00bb ( Pas de pardon \u2013 Pas de vote). \u00abMakanche Inetikhabat hata rahil el issabate\u00bb (Pas d\u2019\u00e9lection jusqu\u2019au d\u00e9part de la bande\u00bb. La foule tr\u00e8s compacte, qui s\u2019est \u00e9branl\u00e9e \u00e0 13h30 de l\u2019esplanade de la maison de la Culture \u00e0 Amriou, a sillonn\u00e9, malgr\u00e9 la chaleur sous un soleil de plomb, le grand boulevard d\u2019El-Hammadia vers le carrefour Naceria et la rue de la Libert\u00e9 avec le si\u00e8ge de la wilaya et la place de la Libert\u00e9 d\u2019expression Sa\u00efd-Mekbel, o\u00f9 les manifestants ont l\u2019habitude de marquer une halte pour faire passer leurs revendications en scandant \u00abKlitou Leblad ya serakine (Vous avez pill\u00e9s le pays, voleurs) et \u00abDjaza\u00efr Hourra democratia\u00bb. Certes, la mobilisation populaire enregistr\u00e9e hier dans les rues de B\u00e9ja\u00efa, malgr\u00e9 le Ramadhan, d\u00e9montre incontestablement que le mouvement populaire se porte bien et d\u00e9termin\u00e9 a aller de l\u2019avant jusqu\u2019\u00e0 l\u2019aboutissement des revendications pour le d\u00e9part du syst\u00e8me, le d\u00e9part du gouvernement en place et la mise en place d\u2019une \u00e9quipe de transition de gens int\u00e8gres et honn\u00eates n\u2019ayant aucun ant\u00e9c\u00e9dent avec le syst\u00e8me en place.\u00a0<\/p>\n<p>Pour les manifestants, le d\u00e9part total du syst\u00e8me est la seule condition \u00e0 permettre d\u2019aller vers des solutions meilleures. Brandissant des slogans comme \u00abLa d\u00e9mocratie, c\u2019est le gouvernement du peuple, par le peuple et pour le peuple\u00bb, les manifestants d\u00e9montrent leur attachement a une d\u00e9mocratie saine et participative compos\u00e9e des souches sociales et du mouvement citoyen. Ainsi, le syst\u00e8me, qui a opt\u00e9 pour perdurer dans la gestion du pays malgr\u00e9 les revendications fortes des Alg\u00e9riens \u00e0 travers les marches populaires qui exigent son d\u00e9part sans conditions, n\u2019augure en rien une solution qui r\u00e9ponde aux aspirations du peuple qui s\u2019exprime de plus en plus \u00e0 travers la rue. Pour Yanis, un des premiers initiateurs de cette marche du vendredi, la solution est dans le camp du pouvoir, en soulignant : \u00abLa mobilisation ne fl\u00e9chira jamais ; au contraire, elle se renforcera davantage tant que l\u2019ent\u00eatement du pouvoir avec le maintien de Bensalah et de Bedoui qui dirigent le pays sans la volont\u00e9 du peuple, car le peuple est la seule source du pouvoir. Nous marcherons toujours jusqu\u2019\u00e0 ce que nos revendications soient totalement satisfaites. Le mouvement populaire rejette totalement toutes les solutions qui vont \u00e0 l\u2019encontre des aspirations du peuple. Pas d\u2019\u00e9lections avec ce syst\u00e8me en place. Notre seul mot d\u2019ordre : syst\u00e8me d\u00e9gage !\u00bb Ainsi, au douzi\u00e8me vendredi de la mobilisation du mouvement populaire, la solution tarde \u00e0 \u00eatre mise en \u0153uvre avec un syst\u00e8me qui persiste \u00e0 rester aux commandes du pouvoir malgr\u00e9 les revendications du peuple qui r\u00e9clame leur d\u00e9part pour une solution d\u00e9finitive, \u00e0 savoir c\u2019est le peuple qui choisira les gens pour le gouverner.<\/p>\n<div readability=\"28.5\"><strong>M. Laouer\u00a0<\/strong><\/p>\n<hr \/>\n<p><strong>Tizi Ouzou<\/strong><\/p>\n<p><strong>Le peuple d\u00e9cidera de son destin<\/strong><\/p>\n<div readability=\"48\">\n<p>Malgr\u00e9 le je\u00fbne et une chaleur frisant la canicule, une foule assez nombreuse de citoyens de Tizi Ouzou a d\u00e9ferl\u00e9 hier, 12e acte de la dynamique populaire du 22 f\u00e9vrier dernier, \u00e0 la ville des Gen\u00eats, pour dire encore une fois aux tenants du syst\u00e8me politique en place de laisser le peuple alg\u00e9rien d\u00e9cider de son propre destin.\u00a0<\/p>\n<p>Des centaines de personnes, hommes, femmes, jeunes et moins jeunes ont commenc\u00e9 \u00e0 affluer \u00e0 l\u2019esplanade du portail du campus universitaire Hasnaoua (Nouvelle-Ville), peu avant 13 heures. La procession humaine grossissait au fil du temps et au fur \u00e0 mesure qu\u2019elle avan\u00e7ait sur son parcours habituel, pour atteindre plusieurs milliers de marcheurs, dont la majorit\u00e9 a d\u00e9ploy\u00e9 des embl\u00e8mes nationaux, les \u00e9tendards de la culture amazighe, mais aussi et surtout des milliers de pancartes et banderoles sur lesquels \u00e9taient transcrits les principaux mots d\u2019ordre de la dynamique populaire pour le changement radical du syst\u00e8me politique en place dans notre pays. \u00abSyst\u00e8me d\u00e9gage\u00bb, \u00abNon aux \u00e9lections du 04 juillet\u00bb, \u00abUlac Lvote Ulac\u00bb, \u00abY\u2019en a marre de ce pourvoir\u00bb, sont entre autres les slogans revendicatifs transcrits sur ces pancartes et banderoles d\u00e9ploy\u00e9es tout au long de cette marche par les milliers de manifestants ayant brav\u00e9 cette chaleur suffocante, la faim et la soif en ce mois de Ramadhan. Les marcheurs ont \u00e9galement scand\u00e9 des slogans hostiles aux tenants du syst\u00e8me politique en place, tels que \u00abEcha\u00e2b Yourid Yetnahaw Ga\u00e2\u00bb et \u00abKlitou Lebled Ya Saraqine\u00bb.<\/p>\n<p>\u00a0La mobilisation f\u00e9minine n\u2019as pas \u00e9t\u00e9, en ce douzi\u00e8me vendredi de la dynamique du 22 f\u00e9vrier, de m\u00eame intensit\u00e9 que durant les pr\u00e9c\u00e9dents vendredis, a-t-on constat\u00e9. Pendant que des milliers de manifestants marchaient normalement sur la chauss\u00e9e et sous une chaleur de plomb, des centaines d\u2019autres personnes drap\u00e9es de l\u2019embl\u00e8me national et portant des pancartes revendicatives ont pr\u00e9f\u00e9r\u00e9 marcher sous l\u2019ombre des immeubles des arbres bordant les trottoirs de la ville des Gen\u00eats, a-t-on \u00e9galement relev\u00e9. Rep\u00e9r\u00e9es, ces derni\u00e8res sont pri\u00e9es par les marcheurs \u00e0 les rejoindre sur la chauss\u00e9e et crier avec eux leur soif de justice et de d\u00e9mocratie. La marche, premi\u00e8re de ce mois de Ramadhan, s\u2019est d\u00e9roul\u00e9e sans aucun incident. Les manifestants se sont dispers\u00e9s pacifiquement au niveau du M\u00e9morial des martyrs de la ville, sis \u00e0 l\u2019entr\u00e9e ouest du chef-lieu de commune de Tizi Ouzou, apr\u00e8s pr\u00e8s de 3 heures de marche.<\/p>\n<p>Bel. Adrar<\/p>\n<\/div>\n<\/div>\n<\/div>\n<\/div>\n<p>Auteur: elmoudjahid<br \/>\n<a href=\"http:\/\/www.elmoudjahid.com\/fr\/actualites\/136762\">Cliquez ici pour lire l&rsquo;article depuis sa source.<\/a><\/p>\n","protected":false},"excerpt":{"rendered":"<p>Des militants politiques issus de diff\u00e9rentes formations ont propos\u00e9, lors d\u2019une table ronde \u00e0 Tizi Ouzou, un manifeste pour une sortie de la crise politique actuelle et l\u2019av\u00e8nement d\u2019une \u00abnouvelle R\u00e9publique\u00bb.\u00a0 Au cours de cette rencontre, organis\u00e9e jeudi soir \u00e0 l\u2019universit\u00e9 Mouloud-Mammeri (UMMTO), les promoteurs de la proposition, intitul\u00e9e \u00abManifeste pour une Alg\u00e9rie nouvelle\u00bb, ont [&hellip;]<\/p>\n","protected":false},"author":1744,"featured_media":0,"comment_status":"closed","ping_status":"closed","sticky":false,"template":"","format":"standard","meta":{"fifu_image_url":"","fifu_image_alt":"","footnotes":""},"categories":[73,53],"tags":[],"class_list":["post-33480","post","type-post","status-publish","format-standard","hentry","category-actualite","category-algerie"],"_links":{"self":[{"href":"https:\/\/linitiative.ca\/International\/wp-json\/wp\/v2\/posts\/33480","targetHints":{"allow":["GET"]}}],"collection":[{"href":"https:\/\/linitiative.ca\/International\/wp-json\/wp\/v2\/posts"}],"about":[{"href":"https:\/\/linitiative.ca\/International\/wp-json\/wp\/v2\/types\/post"}],"author":[{"embeddable":true,"href":"https:\/\/linitiative.ca\/International\/wp-json\/wp\/v2\/users\/1744"}],"replies":[{"embeddable":true,"href":"https:\/\/linitiative.ca\/International\/wp-json\/wp\/v2\/comments?post=33480"}],"version-history":[{"count":0,"href":"https:\/\/linitiative.ca\/International\/wp-json\/wp\/v2\/posts\/33480\/revisions"}],"wp:attachment":[{"href":"https:\/\/linitiative.ca\/International\/wp-json\/wp\/v2\/media?parent=33480"}],"wp:term":[{"taxonomy":"category","embeddable":true,"href":"https:\/\/linitiative.ca\/International\/wp-json\/wp\/v2\/categories?post=33480"},{"taxonomy":"post_tag","embeddable":true,"href":"https:\/\/linitiative.ca\/International\/wp-json\/wp\/v2\/tags?post=33480"}],"curies":[{"name":"wp","href":"https:\/\/api.w.org\/{rel}","templated":true}]}}