{"id":33481,"date":"2019-05-10T15:19:47","date_gmt":"2019-05-10T19:19:47","guid":{"rendered":"https:\/\/linitiative.ca\/International\/partis-politiques-les-elections-font-elles-peur\/"},"modified":"2019-05-10T15:19:47","modified_gmt":"2019-05-10T19:19:47","slug":"partis-politiques-les-elections-font-elles-peur","status":"publish","type":"post","link":"https:\/\/linitiative.ca\/International\/partis-politiques-les-elections-font-elles-peur\/","title":{"rendered":"Partis politiques :  Les \u00e9lections font-elles peur ?"},"content":{"rendered":"<p>Alors que le mouvement populaire r\u00e9ussit magistralement son 12e vendredi cons\u00e9cutive, plusieurs questions se posent sur l\u2019issue de la crise politique que vit le pays. Des analystes parlent actuellement de la position des partis politiques quant \u00e0 la prochaine pr\u00e9sidentielle.<\/p>\n<div readability=\"94\">\n<p>L\u2019acc\u00e9l\u00e9ration des \u00e9v\u00e9nements, depuis l\u2019installation, il y a d\u00e9j\u00e0 un mois, d\u2019Abdelkader Bensalah comme chef d\u2019\u00c9tat par int\u00e9rim, illustre la dynamique des revendications populaires qui a \u00e9volu\u00e9 du refus du cinqui\u00e8me mandat du pr\u00e9sident sortant, \u00e0 un rejet cat\u00e9gorique de l\u2019organisation de la pr\u00e9sidentielle, pr\u00e9vue pour le 4 juillet prochain.<\/p>\n<p>Dans un entretien accord\u00e9 au quotidien arabophone Echa\u00e2b, l\u2019enseignant \u00e0 l\u2019\u00c9cole sup\u00e9rieure des sciences politiques d\u2019Alger (ENSSP), Bouhidel Redouane, pense que le report de la prochaine \u00e9lection \u00abn\u2019est pas contraire\u00bb \u00e0 la Constitution, et estime que le contexte environnant \u00abn\u2019est pas favorable\u00bb \u00e0 l\u2019organisation de la pr\u00e9sidentielle, vu les bouleversements dus \u00e0 l\u2019ouverture par la justice des dossiers de corruption. L\u2019impact politique des r\u00e9centes \u00e9volutions a pouss\u00e9 l\u2019institution militaire \u00e0 admettre que l\u2019Alg\u00e9rie traverse une p\u00e9riode de crise\u00bb, affirme-t-il.<\/p>\n<p>\u00c0 ses yeux, l\u2019ANP assure, par ses communiqu\u00e9s et ses intervention, son r\u00f4le de \u00abcommunicant\u00bb, afin \u00abd\u2019\u00e9clairer\u00bb l\u2019opinion publique sur sa position par rapport aux manifestations, au moment o\u00f9 toute la sph\u00e8re politique, partis politique et gouvernement, \u00aba choisi de garder le silence\u00bb.\u00a0<\/p>\n<p>L\u2019analyse des interventions du chef de l\u2019\u00e9tat-major de l\u2019Arm\u00e9e nationale populaire et des diff\u00e9rents messages provenant de l\u2019ANP fait dire au chercheur que cette derni\u00e8re joue son r\u00f4le que lui conf\u00e8re la Constitution, \u00e0 savoir la \u00abpr\u00e9servation\u00bb du caract\u00e8re pacifique des manifestations et le \u00abrespect\u00bb des institutions de la R\u00e9publique. Ainsi, l\u2019ANP a r\u00e9ussi \u00e0 d\u00e9samorcer les mines pos\u00e9es par les comploteurs, consid\u00e8re Bouhidel qui affirme que le discours de l\u2019institution militaire ne \u00abs\u2019\u00e9carte pas\u00bb du cadre constitutionnel. \u00abIl explique que la recherche des solutions constitutionnelles se trouve dans l\u2019appel \u00e0 l\u2019application de l\u2019article 102 de la Constitution propos\u00e9e par l\u2019institution militaire, ce qui d\u00e9note l\u2019engagement de l\u2019arm\u00e9e \u00e0 pr\u00e9server la stabilit\u00e9 du pays\u00bb, encha\u00eene l\u2019enseignant \u00e0 l\u2019\u00c9cole sup\u00e9rieure des sciences politiques.<\/p>\n<p>Ce dernier trouve que la communication institutionnelle accuse un \u00abmanque gravissime\u00bb en ces moments de crise. \u00abLes ministres, m\u00eame s\u2019ils sont rejet\u00e9s par un pan entier de la soci\u00e9t\u00e9, continuent d\u2019activer et sont visibles sur le plan m\u00e9diatique\u00bb, souligne-t-il, en faisant r\u00e9f\u00e9rence aux d\u00e9cisions prises par plusieurs d\u00e9partements minist\u00e9rielles, tels le plafonnement des prix des denr\u00e9es alimentaires de large consommation durant le mois b\u00e9ni de Ramadhan, et sur le plan politique l\u2019agr\u00e9ment de plusieurs partis politiques. \u00abIl aurait \u00e9t\u00e9 pr\u00e9f\u00e9rable, pour l\u2019actuel ministre de la Communication et n\u00e9anmoins porte-parole du gouvernement, de r\u00e9duire l\u2019\u00e9cart, car la communication de crise permet de d\u00e9passer les lacunes\u00bb, note Bouhidel.<\/p>\n<p>S\u2019agissant de la dynamique populaire, le chercheur trouve que la classe politique est \u00abd\u00e9pass\u00e9e\u00bb par les \u00e9v\u00e9nements et par le rejet du mouvement populaire de toutes les propositions de cadrage ou d\u2019accompagnement de ses revendications. \u00abAu lieu de jouer son r\u00f4le de catalyseur de la dynamique politique dans le pays, la classe politique est inerte depuis le d\u00e9clenchement du mouvement populaire, le 22 f\u00e9vrier dernier\u00bb, ajoute-t-il, affirmant que les partis politiques semblent \u00abpartag\u00e9s\u00bb entre le silence, la complicit\u00e9 inavou\u00e9e et le refus des solutions. \u00abLa classe politique a perdu son aura, \u00e0 cause de l\u2019absence d\u2019une force de proposition\u00bb, regrette le chercheur qui va plus loin quand il pr\u00e9dit la \u00abdisparition\u00bb pure et simple de plusieurs formations politiques, \u00e0 l\u2019issue de la crise actuelle.\u00a0<\/p>\n<p>Pour Bouhidel, l\u2019analyse de la cartographie politique, ax\u00e9e sur la dichotomie entre l\u2019opposition et les partis de la majorit\u00e9 au pouvoir, a \u00abperdu\u00bb sa pertinence th\u00e9orique et la transformation de la sc\u00e8ne politique au niveau national s&rsquo;est accompagn\u00e9e d&rsquo;un changement d&rsquo;attitudes et de positions, \u00abmodifiant\u00bb ainsi les calculs politiques des rapports entre les deux sph\u00e8res politique et populaire.<\/p>\n<p>S\u2019agissant des prochaines \u00e9lections, l\u2019enseignant des sciences politiques explique que le discours des formations politiques illustre le d\u00e9calage entre les convictions id\u00e9ologiques et les \u00abint\u00e9r\u00eats mesquins\u00bb des partis. Et d\u2019ajouter que les formations politiques refusent de participer aux \u00e9lections pour \u00ab\u00e9viter\u00bb la confrontation \u00abdirecte\u00bb avec le mouvement populaire qui gagne en notori\u00e9t\u00e9 de jour en jour, pour se pr\u00e9senter d\u00e9sormais comme une \u00abforce dynamique\u00bb.<\/p>\n<p>Tahar Kaidi<\/p>\n<\/div>\n<p>Auteur: elmoudjahid<br \/>\n<a href=\"http:\/\/www.elmoudjahid.com\/fr\/actualites\/136763\">Cliquez ici pour lire l&rsquo;article depuis sa source.<\/a><\/p>\n","protected":false},"excerpt":{"rendered":"<p>Alors que le mouvement populaire r\u00e9ussit magistralement son 12e vendredi cons\u00e9cutive, plusieurs questions se posent sur l\u2019issue de la crise politique que vit le pays. Des analystes parlent actuellement de la position des partis politiques quant \u00e0 la prochaine pr\u00e9sidentielle. L\u2019acc\u00e9l\u00e9ration des \u00e9v\u00e9nements, depuis l\u2019installation, il y a d\u00e9j\u00e0 un mois, d\u2019Abdelkader Bensalah comme chef [&hellip;]<\/p>\n","protected":false},"author":1744,"featured_media":0,"comment_status":"closed","ping_status":"closed","sticky":false,"template":"","format":"standard","meta":{"fifu_image_url":"","fifu_image_alt":"","footnotes":""},"categories":[73,53],"tags":[],"class_list":["post-33481","post","type-post","status-publish","format-standard","hentry","category-actualite","category-algerie"],"_links":{"self":[{"href":"https:\/\/linitiative.ca\/International\/wp-json\/wp\/v2\/posts\/33481","targetHints":{"allow":["GET"]}}],"collection":[{"href":"https:\/\/linitiative.ca\/International\/wp-json\/wp\/v2\/posts"}],"about":[{"href":"https:\/\/linitiative.ca\/International\/wp-json\/wp\/v2\/types\/post"}],"author":[{"embeddable":true,"href":"https:\/\/linitiative.ca\/International\/wp-json\/wp\/v2\/users\/1744"}],"replies":[{"embeddable":true,"href":"https:\/\/linitiative.ca\/International\/wp-json\/wp\/v2\/comments?post=33481"}],"version-history":[{"count":0,"href":"https:\/\/linitiative.ca\/International\/wp-json\/wp\/v2\/posts\/33481\/revisions"}],"wp:attachment":[{"href":"https:\/\/linitiative.ca\/International\/wp-json\/wp\/v2\/media?parent=33481"}],"wp:term":[{"taxonomy":"category","embeddable":true,"href":"https:\/\/linitiative.ca\/International\/wp-json\/wp\/v2\/categories?post=33481"},{"taxonomy":"post_tag","embeddable":true,"href":"https:\/\/linitiative.ca\/International\/wp-json\/wp\/v2\/tags?post=33481"}],"curies":[{"name":"wp","href":"https:\/\/api.w.org\/{rel}","templated":true}]}}