{"id":33483,"date":"2019-05-10T15:19:58","date_gmt":"2019-05-10T19:19:58","guid":{"rendered":"https:\/\/linitiative.ca\/International\/alger-pour-des-reformes-globales\/"},"modified":"2019-05-10T15:19:58","modified_gmt":"2019-05-10T19:19:58","slug":"alger-pour-des-reformes-globales","status":"publish","type":"post","link":"https:\/\/linitiative.ca\/International\/alger-pour-des-reformes-globales\/","title":{"rendered":"Alger :  Pour  des r\u00e9formes globales"},"content":{"rendered":"<div class=\"TxArtcile\" readability=\"33\">\n<div class=\"ImgCapt\"><img loading=\"lazy\" decoding=\"async\" width=\"208\" height=\"208\" src=\"http:\/\/www.elmoudjahid.com\/temp\/fr\/actualite2[136765].jpg\" alt=\"\" \/><span>D.R<\/span><\/div>\n<p>Les marches populaires se sont poursuivies \u00e0 Alger et dans d&rsquo;autres wilayas du pays, pour le 12e vendredi cons\u00e9cutif, avec les m\u00eames mots d&rsquo;ordre r\u00e9clamant le changement radical et le d\u00e9part de \u00abtous les symboles du syst\u00e8me\u00bb, ont constat\u00e9 des journalistes de l&rsquo;APS. Les marches d&rsquo;hier ont co\u00efncid\u00e9 avec le premier vendredi du mois de Ramadhan, soit le 5e jour du mois sacr\u00e9, caract\u00e9ris\u00e9 par un temps chaud avec des temp\u00e9ratures estivales, ce qui n&rsquo;a pas dissuad\u00e9 les Alg\u00e9riens de sortir pour poursuivre leur mouvement de protestation qui a d\u00e9but\u00e9 le 22 f\u00e9vrier dernier. A Alger, et \u00e0 l&rsquo;instar des pr\u00e9c\u00e9dents vendredis, la mobilisation des citoyens n&rsquo;a pas trop faibli, les premiers groupes de manifestants ayant commenc\u00e9 \u00e0 affluer vers l&rsquo;esplanade de la Grande Poste et la place Maurice-Audin d\u00e8s la matin\u00e9e, avant d&rsquo;\u00eatre rejoints par d&rsquo;autres en d\u00e9but d&rsquo;apr\u00e8s-midi. Les manifestants ont battu le pav\u00e9 pour sillonner les diff\u00e9rentes art\u00e8res de la capitale dans un climat serein et en pr\u00e9sence d&rsquo;un dispositif s\u00e9curitaire renforc\u00e9 pour la circonstance. Drap\u00e9s de l&#8217;embl\u00e8me national et brandissant des banderoles, les citoyens ont r\u00e9clam\u00e9 le d\u00e9part de tous les symboles du syst\u00e8me politique, le jugement de tous ceux qui sont impliqu\u00e9s dans des affaires de corruption, tout en exprimant leur attachement \u00e0 l&rsquo;unit\u00e9 nationale et r\u00e9affirmant que \u00abla souverainet\u00e9 appartient exclusivement au peuple\u00bb. Ils ont \u00e9galement signifi\u00e9 leur refus de l&rsquo;organisation de l&rsquo;\u00e9lection pr\u00e9sidentielle du 4 juillet prochain, r\u00e9it\u00e9rant en m\u00eame temps leur revendication quant au d\u00e9part des trois B, en r\u00e9f\u00e9rence notamment au chef de l&rsquo;Etat, Abdelkader Bensalah, au Premier ministre Noureddine Bedoui et au pr\u00e9sident de l&rsquo;Assembl\u00e9e populaire nationale, Moad Bouchareb. Les marches de ce vendredi interviennent apr\u00e8s le placement dimanche dernier en d\u00e9tention provisoire de Athmane Tartag, Mohamed Mediene et Sa\u00efd Bouteflika pour \u00abatteinte \u00e0 l&rsquo;autorit\u00e9 de l&rsquo;Arm\u00e9e\u00bb et \u00abcomplot contre l&rsquo;autorit\u00e9 de l&rsquo;Etat\u00bb, sur d\u00e9cision du juge d&rsquo;instruction militaire pr\u00e8s le tribunal militaire de Blida. Dans le cadre de la m\u00eame enqu\u00eate, Louisa Hanoune, la secr\u00e9taire g\u00e9n\u00e9rale du Parti des travailleurs (PT), a \u00e9t\u00e9 \u00e9galement plac\u00e9e hier jeudi en \u00abd\u00e9tention provisoire\u00bb par le tribunal militaire de Blida dans une prison civile de cette wilaya.\u00a0\u00a0<\/p>\n<\/div>\n<div class=\"ModliArtilUne\">\n<ul>\n<li><strong>Publi\u00e9 dans :<\/strong><\/li>\n<\/ul>\n<\/div>\n<div class=\"MbComIns\" id=\"newcom\" readability=\"5.69402985075\">\n<h6>DONNEZ VOTRE AVIS<\/h6>\n<p>Il n&rsquo;y a actuellement aucune r\u00e9action \u00e0 cette information. Soyez le premier \u00e0 r\u00e9agir !<\/p>\n<p><a href=\"\" rel=\"#popup\" class=\"login resetbutton\">Identifiez-vous<\/a><a class=\"button\" href=\"http:\/\/www.elmoudjahid.com\/fr\/inscription\/\"><span>S&rsquo;inscrire<\/span><\/a><\/p>\n<\/div>\n<p>Auteur: elmoudjahid<br \/>\n<a href=\"http:\/\/www.elmoudjahid.com\/fr\/actualites\/136765\">Cliquez ici pour lire l&rsquo;article depuis sa source.<\/a><\/p>\n","protected":false},"excerpt":{"rendered":"<p>D.R Les marches populaires se sont poursuivies \u00e0 Alger et dans d&rsquo;autres wilayas du pays, pour le 12e vendredi cons\u00e9cutif, avec les m\u00eames mots d&rsquo;ordre r\u00e9clamant le changement radical et le d\u00e9part de \u00abtous les symboles du syst\u00e8me\u00bb, ont constat\u00e9 des journalistes de l&rsquo;APS. Les marches d&rsquo;hier ont co\u00efncid\u00e9 avec le premier vendredi du mois [&hellip;]<\/p>\n","protected":false},"author":1744,"featured_media":33484,"comment_status":"closed","ping_status":"closed","sticky":false,"template":"","format":"standard","meta":{"fifu_image_url":"","fifu_image_alt":"","footnotes":""},"categories":[73,53],"tags":[],"class_list":["post-33483","post","type-post","status-publish","format-standard","has-post-thumbnail","hentry","category-actualite","category-algerie"],"_links":{"self":[{"href":"https:\/\/linitiative.ca\/International\/wp-json\/wp\/v2\/posts\/33483","targetHints":{"allow":["GET"]}}],"collection":[{"href":"https:\/\/linitiative.ca\/International\/wp-json\/wp\/v2\/posts"}],"about":[{"href":"https:\/\/linitiative.ca\/International\/wp-json\/wp\/v2\/types\/post"}],"author":[{"embeddable":true,"href":"https:\/\/linitiative.ca\/International\/wp-json\/wp\/v2\/users\/1744"}],"replies":[{"embeddable":true,"href":"https:\/\/linitiative.ca\/International\/wp-json\/wp\/v2\/comments?post=33483"}],"version-history":[{"count":0,"href":"https:\/\/linitiative.ca\/International\/wp-json\/wp\/v2\/posts\/33483\/revisions"}],"wp:featuredmedia":[{"embeddable":true,"href":"https:\/\/linitiative.ca\/International\/wp-json\/"}],"wp:attachment":[{"href":"https:\/\/linitiative.ca\/International\/wp-json\/wp\/v2\/media?parent=33483"}],"wp:term":[{"taxonomy":"category","embeddable":true,"href":"https:\/\/linitiative.ca\/International\/wp-json\/wp\/v2\/categories?post=33483"},{"taxonomy":"post_tag","embeddable":true,"href":"https:\/\/linitiative.ca\/International\/wp-json\/wp\/v2\/tags?post=33483"}],"curies":[{"name":"wp","href":"https:\/\/api.w.org\/{rel}","templated":true}]}}