{"id":33489,"date":"2019-05-10T11:14:23","date_gmt":"2019-05-10T15:14:23","guid":{"rendered":"https:\/\/linitiative.ca\/International\/89270-coupe-du-monde-de-sabre-les-algeriennes-eliminees-des-la-phase-de-poule\/"},"modified":"2019-05-10T11:14:23","modified_gmt":"2019-05-10T15:14:23","slug":"89270-coupe-du-monde-de-sabre-les-algeriennes-eliminees-des-la-phase-de-poule","status":"publish","type":"post","link":"https:\/\/linitiative.ca\/International\/89270-coupe-du-monde-de-sabre-les-algeriennes-eliminees-des-la-phase-de-poule\/","title":{"rendered":"Coupe du Monde de sabre : les Alg\u00e9riennes \u00e9limin\u00e9es d\u00e8s la phase de poule"},"content":{"rendered":"<div>\n<div class=\"K2FeedImage\"><img decoding=\"async\" src=\"http:\/\/www.aps.dz\/media\/k2\/items\/cache\/cb57c638685b62185f59efb6a1de809e_S.jpg\" alt=\"Coupe du Monde de sabre : les Alg\u00e9riennes \u00e9limin\u00e9es d\u00e8s la phase de poule\"><\/div>\n<div class=\"K2FeedIntroText\">\n<p>TUNIS &#8211; Les escrimeuses alg\u00e9riennes engag\u00e9es dans l&rsquo;\u00e9tape de Tunis de Coupe du monde de sabre f\u00e9minin, ont \u00e9t\u00e9 \u00e9limin\u00e9es d\u00e8s la phase de poule disput\u00e9e vendredi au Palais des sports d&rsquo;El Menzah (Tunis).<\/p>\n<\/div>\n<div class=\"K2FeedFullText\">\n<p>Sur 164 sabreuses inscrites, la meilleure alg\u00e9rienne Cha\u00eema Benadouda a pris la 140e place, alors que ses co\u00e9quipi\u00e8res Kaouther Mohamed-Belkbir et Sonia Abdiche, se sont respectivement class\u00e9es aux 157e et 162e rangs.<\/p>\n<p>Chez les messieurs, l&rsquo;Alg\u00e9rien Akram Bounabi a \u00e9galement \u00e9t\u00e9 \u00e9limin\u00e9 d\u00e8s la phase de poule de l&rsquo;\u00e9tape de Madrid de Coupe du monde de sabre masculin, ratant l&rsquo;occasion de de r\u00e9colter des points en vue d&rsquo;une qualification aux Jeux Olympiques de Tokyo-2020.<\/p>\n<p>Vers\u00e9 dans la poule 9, Bounabi a termin\u00e9 la comp\u00e9tition \u00e0 la 180e place sur 207 engag\u00e9s.<\/p>\n<\/div>\n<p><img loading=\"lazy\" decoding=\"async\" src=\"http:\/\/feeds.feedburner.com\/~r\/aps-sport\/~4\/99oYQU1I-n8\" height=\"1\" width=\"1\" alt=\"\"><\/div>\n<p>Auteur:<br \/>\n<a href=\"http:\/\/www.aps.dz\/sport\/89270-coupe-du-monde-de-sabre-les-algeriennes-eliminees-des-la-phase-de-poule?utm_source=feedburner&#038;utm_medium=feed&#038;utm_campaign=Feed%3A+aps-sport+%28APS+-+SPORT%29\">Cliquez ici pour lire l&rsquo;article depuis sa source.<\/a><\/p>\n","protected":false},"excerpt":{"rendered":"<p>TUNIS &#8211; Les escrimeuses alg\u00e9riennes engag\u00e9es dans l&rsquo;\u00e9tape de Tunis de Coupe du monde de sabre f\u00e9minin, ont \u00e9t\u00e9 \u00e9limin\u00e9es d\u00e8s la phase de poule disput\u00e9e vendredi au Palais des sports d&rsquo;El Menzah (Tunis). Sur 164 sabreuses inscrites, la meilleure alg\u00e9rienne Cha\u00eema Benadouda a pris la 140e place, alors que ses co\u00e9quipi\u00e8res Kaouther Mohamed-Belkbir et [&hellip;]<\/p>\n","protected":false},"author":1790,"featured_media":33490,"comment_status":"closed","ping_status":"closed","sticky":false,"template":"","format":"standard","meta":{"fifu_image_url":"","fifu_image_alt":"","footnotes":""},"categories":[53,75],"tags":[],"class_list":["post-33489","post","type-post","status-publish","format-standard","has-post-thumbnail","hentry","category-algerie","category-sport"],"_links":{"self":[{"href":"https:\/\/linitiative.ca\/International\/wp-json\/wp\/v2\/posts\/33489","targetHints":{"allow":["GET"]}}],"collection":[{"href":"https:\/\/linitiative.ca\/International\/wp-json\/wp\/v2\/posts"}],"about":[{"href":"https:\/\/linitiative.ca\/International\/wp-json\/wp\/v2\/types\/post"}],"author":[{"embeddable":true,"href":"https:\/\/linitiative.ca\/International\/wp-json\/wp\/v2\/users\/1790"}],"replies":[{"embeddable":true,"href":"https:\/\/linitiative.ca\/International\/wp-json\/wp\/v2\/comments?post=33489"}],"version-history":[{"count":0,"href":"https:\/\/linitiative.ca\/International\/wp-json\/wp\/v2\/posts\/33489\/revisions"}],"wp:featuredmedia":[{"embeddable":true,"href":"https:\/\/linitiative.ca\/International\/wp-json\/"}],"wp:attachment":[{"href":"https:\/\/linitiative.ca\/International\/wp-json\/wp\/v2\/media?parent=33489"}],"wp:term":[{"taxonomy":"category","embeddable":true,"href":"https:\/\/linitiative.ca\/International\/wp-json\/wp\/v2\/categories?post=33489"},{"taxonomy":"post_tag","embeddable":true,"href":"https:\/\/linitiative.ca\/International\/wp-json\/wp\/v2\/tags?post=33489"}],"curies":[{"name":"wp","href":"https:\/\/api.w.org\/{rel}","templated":true}]}}