{"id":33500,"date":"2019-05-10T13:18:00","date_gmt":"2019-05-10T17:18:00","guid":{"rendered":"https:\/\/linitiative.ca\/International\/12e-vendredi-du-mouvement-populaire-la-protesta-special-ramadan-se-met-en-place\/"},"modified":"2019-05-10T13:18:00","modified_gmt":"2019-05-10T17:18:00","slug":"12e-vendredi-du-mouvement-populaire-la-protesta-special-ramadan-se-met-en-place","status":"publish","type":"post","link":"https:\/\/linitiative.ca\/International\/12e-vendredi-du-mouvement-populaire-la-protesta-special-ramadan-se-met-en-place\/","title":{"rendered":"12E VENDREDI DU MOUVEMENT POPULAIRE : La protesta \u2018\u2019sp\u00e9cial Ramadan\u2019\u2019 se met en place"},"content":{"rendered":"<p><br id=\"sep_para_1\" class=\"sep_para access\"\/><\/p>\n<div id=\"para_1\" class=\"para_30900724 resize\">\n<div class=\"texte access firstletter\">Ce vendredi est, cependant, particulier, depuis le d\u00e9but du mouvement populaire contre le pouvoir, est le premier de ce mois de Ramadan,\u00a0 d\u00e9cisif. La chaleur, la soif et la faim, en plus des derniers d\u00e9veloppements sur la sc\u00e8ne politique peuvent d\u00e9mobiliser les manifestants, mais il est tr\u00e8s peu probable que le \u00ab hirak \u00bb s\u2019arr\u00eate net \u00e0 cause de Ramadan. Les citoyens se sont d\u2019abord organis\u00e9s pour s\u2019adapter aux particularit\u00e9s du mois de Ramadan, pour que les manifestations populaires soient aussi imposantes que les derniers vendredis. Par ailleurs, ce 12e vendredi de contestation intervient dans un contexte marqu\u00e9 par des arrestations et emprisonnement en haut lieu, \u00e0 commencer par le placement en d\u00e9tention provisoire par le tribunal militaire de Said Bouteflika et les g\u00e9n\u00e9raux Toufik et Tartag. Plus r\u00e9cemment, soit hier, c\u2019est Louisa Hanoune qui a \u00e9t\u00e9 entendue par le juge d\u2019instruction militaire qui a d\u00e9cid\u00e9 de la placer sous mandat de d\u00e9p\u00f4t. Le jugement de Sa\u00efd Bouteflika est l\u2019une des revendications majeures du \u00ab Hirak \u00bb, ce depuis le 22 f\u00e9vrier. Cependant, d\u2019autres revendications restent toujours insatisfaites, \u00e0 savoir le d\u00e9part d\u2019Abdelkader Bensalah et Noureddine Bedoui.<\/div>\n<\/div>\n<p>Auteur: Ismain<br \/>\n<a href=\"https:\/\/www.reflexiondz.net\/12E-VENDREDI-DU-MOUVEMENT-POPULAIRE-La-protesta-special-Ramadan-se-met-en-place_a55787.html\">Cliquez ici pour lire l&rsquo;article depuis sa source.<\/a><\/p>\n","protected":false},"excerpt":{"rendered":"<p>Ce vendredi est, cependant, particulier, depuis le d\u00e9but du mouvement populaire contre le pouvoir, est le premier de ce mois de Ramadan,\u00a0 d\u00e9cisif. La chaleur, la soif et la faim, en plus des derniers d\u00e9veloppements sur la sc\u00e8ne politique peuvent d\u00e9mobiliser les manifestants, mais il est tr\u00e8s peu probable que le \u00ab hirak \u00bb s\u2019arr\u00eate [&hellip;]<\/p>\n","protected":false},"author":1740,"featured_media":0,"comment_status":"closed","ping_status":"closed","sticky":false,"template":"","format":"standard","meta":{"fifu_image_url":"","fifu_image_alt":"","footnotes":""},"categories":[53,76],"tags":[],"class_list":["post-33500","post","type-post","status-publish","format-standard","hentry","category-algerie","category-regions"],"_links":{"self":[{"href":"https:\/\/linitiative.ca\/International\/wp-json\/wp\/v2\/posts\/33500","targetHints":{"allow":["GET"]}}],"collection":[{"href":"https:\/\/linitiative.ca\/International\/wp-json\/wp\/v2\/posts"}],"about":[{"href":"https:\/\/linitiative.ca\/International\/wp-json\/wp\/v2\/types\/post"}],"author":[{"embeddable":true,"href":"https:\/\/linitiative.ca\/International\/wp-json\/wp\/v2\/users\/1740"}],"replies":[{"embeddable":true,"href":"https:\/\/linitiative.ca\/International\/wp-json\/wp\/v2\/comments?post=33500"}],"version-history":[{"count":0,"href":"https:\/\/linitiative.ca\/International\/wp-json\/wp\/v2\/posts\/33500\/revisions"}],"wp:attachment":[{"href":"https:\/\/linitiative.ca\/International\/wp-json\/wp\/v2\/media?parent=33500"}],"wp:term":[{"taxonomy":"category","embeddable":true,"href":"https:\/\/linitiative.ca\/International\/wp-json\/wp\/v2\/categories?post=33500"},{"taxonomy":"post_tag","embeddable":true,"href":"https:\/\/linitiative.ca\/International\/wp-json\/wp\/v2\/tags?post=33500"}],"curies":[{"name":"wp","href":"https:\/\/api.w.org\/{rel}","templated":true}]}}