{"id":33501,"date":"2019-05-10T05:05:57","date_gmt":"2019-05-10T09:05:57","guid":{"rendered":"https:\/\/linitiative.ca\/International\/notre-revolution-nous-la-faisons-en-chantant\/"},"modified":"2019-05-10T05:05:57","modified_gmt":"2019-05-10T09:05:57","slug":"notre-revolution-nous-la-faisons-en-chantant","status":"publish","type":"post","link":"https:\/\/linitiative.ca\/International\/notre-revolution-nous-la-faisons-en-chantant\/","title":{"rendered":"Notre r\u00e9volution, nous la\u00a0faisons en chantant"},"content":{"rendered":"<h4 class=\"title-14\"\/>\n<div class=\"featured_image\"><img width=\"800\" height=\"600\" data-cfsrc=\"https:\/\/www.elwatan.com\/wp-content\/uploads\/2019\/05\/veille\u0301e-de-ramadhan-chez-Walid-pour-pre\u0301parer-le-re\u0301pertoire-du-rassemblement-de-dimanche-place-de-la-Re\u0301publique-a\u0300-Paris-e1557446058779.jpg\" class=\"attachment-post-thumbnail size-post-thumbnail wp-post-image c1\" alt=\"\"\/><noscript><\/p>\n<p><img loading=\"lazy\" decoding=\"async\" width=\"800\" height=\"600\" src=\"https:\/\/www.elwatan.com\/wp-content\/uploads\/2019\/05\/veille%CC%81e-de-ramadhan-chez-Walid-pour-pre%CC%81parer-le-re%CC%81pertoire-du-rassemblement-de-dimanche-place-de-la-Re%CC%81publique-a%CC%80-Paris-e1557446058779.jpg\" class=\"attachment-post-thumbnail size-post-thumbnail wp-post-image\" alt=\"\"\/><\/p>\n<p><\/noscript> <span class=\"featured-image-caption\">Un groupe complice, une fratrie d\u2019adoption reconstitu\u00e9e dans l\u2019exil (Photo : El Watan Weekend )<\/span><\/div>\n<p class=\"p1\">Ils ont entre 27 et 37 ans. Le groupe soud\u00e9, que forment Walid, Samir, Rafik, Bilel, Abdelhak et Marouane, est depuis le 22 f\u00e9vrier, tous les dimanches, place de la R\u00e9publique o\u00f9 ils arrivent \u00e0 13h pour ne quitter les lieux qu\u2019\u00e0 18h. Munis d\u2019un tambour (Marouane) et d\u2019une derbouka (Bilel) ils accompagnent le hirak de leurs chansons<strong><em>.<\/em><\/strong><\/p>\n<p class=\"p3\">A la faveur de ce rendez-vous qu\u2019ils ne rateraient pour rien au monde, qu\u2019il vente, ou pleuve, les six jeunes gens, auxquels viennent s\u2019ajouter d\u2019autres jeunes, clament, \u00e0 leur fa\u00e7on, leur volont\u00e9 de changement d\u00e9mocratique en Alg\u00e9rie.<\/p>\n<p class=\"p3\">Ils occupent toujours le m\u00eame espace, un attroupement de manifestants de tous \u00e2ges se forme aussit\u00f4t autour d\u2019eux. Leur mode d\u2019expression c\u2019est le chant. Anciens supporters de clubs de football alg\u00e9rois, ils ont repris les chansons des stades qu\u2019ils ont adapt\u00e9es \u00e0 l\u2019actualit\u00e9 alg\u00e9rienne.<\/p>\n<p class=\"p3\">\u00ab<em>Le dimanche, nous chantons, en semaine nous r\u00e9p\u00e9tons et nous adaptons les textes des chansons des stades ou du r\u00e9pertoire alg\u00e9rien et m\u00eame maghr\u00e9bin en fonction des<\/em> \u00e9v\u00e9nements de la semaine \u00e9coul\u00e9e.\u00a0\u00bb <em>\u00abOn chante parce qu\u2019on veut transmettre des messages. Notre r\u00e9volution, on la fait en chantant.<\/em><\/p>\n<p class=\"p3\"><em>Parce qu\u2019on aime l\u2019Alg\u00e9rie, mais le syst\u00e8me nous a pouss\u00e9s \u00e0 l\u2019exil\u00bb,<\/em> nous disent-ils<em>. A titre d\u2019exemples en chansons cela donne\u00a0:<\/em> \u00ab<em>Oh Ben M\u2019hidi khad\u2019ouna bel vote de confiance (oh Ben M\u2019hidi, ils nous ont trahis par le vote de confiance, ndlr)<\/em>, \u00ab<em>Adzair mabyou\u2019a mel bekri makhdou\u2019a<\/em>\u00bb (l\u2019Alg\u00e9rie est vendue, depuis longtemps<span class=\"Apple-converted-space\">\u00a0<\/span> trahie, ndlr).<\/p>\n<p class=\"p3\">Les six gar\u00e7ons<span class=\"Apple-converted-space\">\u00a0<\/span> font aussi des live avec leurs copains d\u2019Alger, ils envoient des vid\u00e9os \u00e0 leurs proches. \u00ab<em>Ma m\u00e8re m\u2019a appel\u00e9 apr\u00e8s m\u2019avoir vu sur<\/em> <em>France 24<\/em>\u00bb, dit Walid.<span class=\"Apple-converted-space\">\u00a0<\/span> Et il ajoute\u00a0: \u00ab<em>Dans nos quartiers, nos copains sont fiers de nous.<\/em><\/p>\n<p class=\"p3\"><em>Bien qu\u2019on soit loin, on est avec eux.\u00bb<\/em> \u00ab<em>Nous sommes des enfants de quartiers populaires, chacun a son club de football favori, depuis tout jeunes nous allons au stade.\u00bb<\/em> Et, unanimes, ils affirment tous : \u00ab<em>Le hirak a commenc\u00e9 dans les stades de football, surtout de la capitale.\u00bb<span class=\"Apple-converted-space\">\u00a0 \u00a0<\/span><\/em><\/p>\n<p class=\"p4\"><strong>Hier harraga, aujourd\u2019hui chefs d\u2019entreprise<\/strong><\/p>\n<p class=\"p3\">Dans la vie de tous les jours, ils sont les uns chefs d\u2019entreprise, d\u2019autres infirmier, \u00e9tudiant, sans emploi. Anciens harraga, ils ont, pour la plupart d\u2019entre eux, apr\u00e8s moult gal\u00e8res, pu r\u00e9gulariser leur situation administrative au regard de la loi fran\u00e7aise. C\u2019est un groupe complice, une fratrie d\u2019adoption reconstitu\u00e9e dans l\u2019exil, eux qui ont tout laiss\u00e9 derri\u00e8re eux en Alg\u00e9rie.<\/p>\n<p class=\"p3\">L\u2019Alg\u00e9rie, qu\u2019ils ont quitt\u00e9e, non pas faute de l\u2019aimer mais chass\u00e9s de chez eux par le mal-\u00eatre, l\u2019arbitraire, les humiliations, la pesanteur et la raideur des normes sociales.<\/p>\n<p class=\"p3\">Ils gardent n\u00e9anmoins le coeur<span class=\"Apple-converted-space\">\u00a0<\/span> accroch\u00e9 \u00e0 Alg\u00e9rie. \u00ab<em>Ceux qui sont rest\u00e9s au pays ne savent pas combien notre terre natale nous cheville au corps quand on en est arrach\u00e9s<\/em>\u00bb, disent-ils. \u00ab<em>Aujourd\u2019hui, el hamdoullah, nous sommes \u00e0 l\u2019aise, nous vivons bien en France, mais il nous manque quelque chose<\/em>, <em>banet la blad<\/em>\u00a0(le go\u00fbt du pays, ndlr) <em>et nos familles.<\/em>\u00bb<span class=\"Apple-converted-space\">\u00a0<\/span><\/p>\n<p class=\"p3\">Ce go\u00fbt du pays, qu\u2019ils essaient de reconstituer dans leur exil. Ils nous ont invit\u00e9es \u00e0 le partager avec eux en partageant le repas du f\u2019tour du deuxi\u00e8me jour de Ramadhan dans l\u2019appartement de studio dans le 15<sup>e<\/sup> arrondissement de Paris. Apr\u00e8s le repas, ils s\u2019installent dans le salon pour mettre \u00e0 jour leur r\u00e9pertoire musical.<\/p>\n<p class=\"p3\">Walid, 37 ans, m\u00e9decin de formation, est<span class=\"Apple-converted-space\">\u00a0<\/span> natif de Salembier. Il est arriv\u00e9 en France, en 2009, avec un visa de tourisme,<span class=\"Apple-converted-space\">\u00a0<\/span> du temps du pr\u00e9sident Sarkozy qui voulait mettre en oeuvre une \u00ab<em>immigration choisie<\/em>\u00bb. Walid y a cru. Il a vite d\u00e9chant\u00e9, se retrouvant, \u00e0 l\u2019expiration de son visa,<span class=\"Apple-converted-space\">\u00a0<\/span> en situation irr\u00e9guli\u00e8re, endurant trois \u00e0 quatre ans de pr\u00e9carit\u00e9.<\/p>\n<p class=\"p3\">Depuis<span class=\"Apple-converted-space\">\u00a0<\/span> qu\u2019il a des papiers administratifs en r\u00e8gle, il est infirmier en service de g\u00e9riatrie dans un h\u00f4pital de la r\u00e9gion parisienne. Il se pr\u00e9pare \u00e0 repasser les concours d\u2019\u00e9quivalence pour pouvoir \u00eatre titularis\u00e9 et exercer son m\u00e9tier de m\u00e9decin.<\/p>\n<p class=\"p3\">Abdelhak, 32 ans, originaire de Bab<span class=\"Apple-converted-space\">\u00a0<\/span> El Oued,<span class=\"Apple-converted-space\">\u00a0<\/span> est en France depuis dix ans. \u00ab<em>J\u2019ai quitt\u00e9 l\u2019\u00e9cole \u00e0 l\u2019\u00e2ge de 15 ans, j\u2019\u00e9tais pourtant bon \u00e9l\u00e8ve,<span class=\"Apple-converted-space\">\u00a0<\/span> mais je ne me voyais pas d\u2019avenir en Alg\u00e9rie<\/em>.\u00bb Le jeune homme est arriv\u00e9 en France avec 280 euros en poche en passant d\u2019abord<span class=\"Apple-converted-space\">\u00a0<\/span> par la Turquie, puis en rejoignant dans un second temps la Gr\u00e8ce en zodiac.<\/p>\n<p class=\"p3\">Apr\u00e8s cinq mois dans ce pays il entre en France en avion avec de faux papiers. \u00ab<em>J\u2019ai gal\u00e9r\u00e9 deux ans puis j\u2019ai rencontr\u00e9 une jeune fille que j\u2019ai \u00e9pous\u00e9e<\/em>.<\/p>\n<p class=\"p3\"><em>Nous sommes rentr\u00e9s en Alg\u00e9rie pour nous marier, mais une fois sur place j\u2019ai d\u00fb attendre 11 mois pour que la proc\u00e9dure de regroupement familial, dont je n\u2019ai eu connaissance qu\u2019une fois \u00e0 Alger, me permette de repartir en France.\u00bb<\/em> \u00ab<em>Tout jeune j\u2019\u00e9tais fascin\u00e9 par l\u2019Angleterre. Mon p\u00e8re me disait<\/em> <em>\u00ab<\/em>si tu n\u2019\u00e9migres pas tu passeras le reste de ta vie en prison\u2019 <em>parce que je ne supportais pas l\u2019injustice, l\u2019arbitraire, je r\u00e9agissais au quart de tour. J\u2019ai le sang vif.<\/em>\u00bb Abdelhak a cr\u00e9\u00e9 une entreprise de transport qui collabore avec Uber et d\u2019autres plateformes de transport de personnes et de livraison de repas.<\/p>\n<p class=\"p3\">Marouane, 35 ans, en France depuis 22 ans. \u00ab<em>On vivait \u00e0 La Casbah, dans une pi\u00e8ce de 8 m2 \u00e0 six personnes, mes parents, mes deux fr\u00e8res, ma soeur et moi<\/em>. <em>Je suis venu en France avec mon p\u00e8re, \u00e0 l\u2019\u00e2ge de 13 ans, avec un visa de tourisme. Mon p\u00e8re est reparti en Alg\u00e9rie, me laissant chez ma<span class=\"Apple-converted-space\">\u00a0<\/span> grand-m\u00e8re chez qui je suis rest\u00e9<span class=\"Apple-converted-space\">\u00a0<\/span> un an. Entre-temps, mon fr\u00e8re, 17 ans, est venu me rejoindre<\/em>.<\/p>\n<p class=\"p3\"><em>Apr\u00e8s le d\u00e9c\u00e8s de ma grand-m\u00e8re, nous sommes rest\u00e9s seuls, mon fr\u00e8re et moi. J\u2019ai pass\u00e9 dix ans sans papiers<\/em>.\u00bb Aujourd\u2019hui, Marouane est patron de plusieurs entreprises<span class=\"Apple-converted-space\">\u00a0<\/span> de transport de et d\u2019une boucherie dans le 15<sup>e<\/sup> arrondissement de Paris.<\/p>\n<p class=\"p3\">\u00a0\u00ab<em>J\u2019aimerais dire \u00e0 ceux qui ont dirig\u00e9 l\u2019Alg\u00e9rie ceci<\/em>\u00a0: <em>vous nous avez humili\u00e9s, vous nous avez emp\u00each\u00e9s d\u2019\u00e9merger, nous avons r\u00e9ussi ailleurs.\u00bb \u00abJe suis sorti de l\u2019\u00e9cole avec un niveau de 7<sup>e<\/sup> ann\u00e9e. J\u2019emploie ici, en France, 127 livreurs, je voudrais pouvoir le faire chez moi, dans mon pays<\/em>.\u00bb<\/p>\n<p class=\"p3\">Et il pr\u00e9cise\u00a0: \u00ab<em>J\u2019ai travaill\u00e9 partout, faisant une multitude de petits boulots avant de pouvoir m\u2019installer \u00e0 mon compte<\/em>. <em>Pendant six mois, je ne mangeais que des p\u00e2tes \u00e0 l\u2019eau, faute d\u2019argent. Une fois par mois, je parlais au t\u00e9l\u00e9phone avec ma m\u00e8re, aujourd\u2019hui c\u2019est plus facile, le t\u00e9l\u00e9phone portable, internet, Skype, sont \u00e0 la port\u00e9e de tous.\u00bb<\/em><\/p>\n<p class=\"p4\"><strong>\u00abNous sommes consid\u00e9r\u00e9s comme la poubelle de l\u2019Alg\u00e9rie\u00bb<\/strong><\/p>\n<p class=\"p3\"><em>\u00abNous, qui sommes en exil, nous aimons beaucoup l\u2019Alg\u00e9rie, on n\u2019en a pas profit\u00e9.\u00bb \u00abNous sommes consid\u00e9r\u00e9s comme la poubelle de l\u2019Alg\u00e9rie<\/em>\u00bb, dit le jeune homme avec tristesse. <em>\u00abNous les Alg\u00e9rois, nous sommes des oubli\u00e9s, des laiss\u00e9s-pour-compte. Nos parents se sont mari\u00e9s dans une pi\u00e8ce qu\u2019ils occupent avec leurs enfants. Sans aucune intimit\u00e9, ni pour eux ni pour leurs enfants, qui grandissent dans cette promiscuit\u00e9<\/em>.\u00bb Un sentiment partag\u00e9 par ses amis.<\/p>\n<p class=\"p3\">Rafik, 27 ans, est en France depuis deux ans. Bachelier en 2007, il entre ensuite \u00e0 l\u2019universit\u00e9 de Bab Ezzouar, en g\u00e9nie civil, qu\u2019il quitte au bout d\u2019un an pour travailler avec ses oncles, commer\u00e7ants, puis il ouvre un magasin d\u2019habillement \u00e0 Kouba.<span class=\"Apple-converted-space\">\u00a0<\/span> Il quitte l\u2019Alg\u00e9rie pour la France en 2017 avec un visa de court s\u00e9jour. Il est, depuis, auto-entrepreneur de livraison de repas en scooter.<\/p>\n<p class=\"p3\">Samir, 37 ans, est en France depuis neuf ans. Originaire de Bou Bsila (p\u00e9riph\u00e9rie d\u2019El Harrach). En Alg\u00e9rie, il avait un magasin de t\u00e9l\u00e9phonie mobile, \u00ab<em>mat\u00e9riellement, j\u2019\u00e9tais bien, mais l\u2019exil \u00e9tait dans nos t\u00eates\u00bb.<\/em><\/p>\n<p class=\"p3\">Billel, 32 ans, est en France depuis deux ans. Il vient de Diar El Mah\u00e7oul. \u00ab<em>En Alg\u00e9rie je travaillais mais je n\u2019\u00e9tais pas bien dans ma t\u00eate, je n\u2019\u00e9tais pas serein.\u00bb<\/em> Avec un visa pour les Etats-Unis<em>,<\/em> en escale<span class=\"Apple-converted-space\">\u00a0<\/span> \u00e0 Londres, il d\u00e9cide de ne plus continuer son voyage et de se rendre en France.<\/p>\n<p class=\"p3\">C\u2019est dans un semi-remorque qu\u2019il se retrouve \u00e0 Dunkerque. <em>\u00abNous \u00e9tions 38 passagers \u00e0 bord du camion, la travers\u00e9e a dur\u00e9 23h \u00e0 5h du matin.<\/em>\u00bb \u00ab<em>En France, j\u2019avais des contacts, des copains que je venais rejoindre<\/em>\u00bb parmi lesquels Walid et Rafik.<span class=\"Apple-converted-space\">\u00a0<\/span> <em>\u00abJ\u2019ai tr\u00e8s rapidement commenc\u00e9 \u00e0 travailler, j\u2019\u00e9tais livreur\u00bb,<\/em> mais depuis juillet dernier Bilel est sans activit\u00e9.<\/p>\n<p class=\"p4\"><strong>\u00abLe hirak nous montre la\u00a0lumi\u00e8re\u00bb<\/strong><\/p>\n<p class=\"p3\">S\u2019en suit une discussion tr\u00e8s anim\u00e9e\u00a0sur les raisons pour lesquelles ils ont quitt\u00e9 l\u2019Alg\u00e9rie, sur le hirak et autour de<span class=\"Apple-converted-space\">\u00a0<\/span> l\u2019Alg\u00e9rie \u00e0 laquelle ils aspirent. \u00ab<em>Nos parents nous ont inculqu\u00e9 des valeurs.<\/em><\/p>\n<p class=\"p3\"><em>Quand j\u2019ai grandi je me suis retrouv\u00e9 dans une soci\u00e9t\u00e9 pervertie, pourrie. C\u2019\u00e9tait voulu, ils nous ont divis\u00e9s pour mieux r\u00e9gner.\u00bb \u00abJe remercie le peuple alg\u00e9rien, il me redonne vie et espoir\u00bb. \u00abLe hirak nous montre la lumi\u00e8re\u00bb<\/em>, intervient Walid <em>.<\/em><\/p>\n<p class=\"p3\">Abdelhak\u00a0 veut \u00ab<em>la justice pour tous les Alg\u00e9riens, qu\u2019elle soit au- dessus de tous depuis le pr\u00e9sident de la R\u00e9publique<\/em>\u00bb.<\/p>\n<p class=\"p3\">Samir, lui, veut \u00ab<em>un pays de droit, dans lequel<span class=\"Apple-converted-space\">\u00a0<\/span> chacun aura son d\u00fb et sa place<\/em>\u00bb. M\u00eame si pour le jeune homme \u00ab<em>l\u2019enseignant c\u2019est la base de la soci\u00e9t\u00e9\u00bb, \u00abon a tous besoin les uns des autres\u00bb,<\/em> c\u2019est en quelque sorte <em>\u00abune cha\u00eene humaine<\/em>\u00bb.<\/p>\n<p class=\"p3\">Rafik veut \u00ab<em>l\u2019\u00e9galit\u00e9 des droits de tous et de toutes\u00bb, \u00abje ne veux plus de passe-droits<\/em>\u00bb.<\/p>\n<p class=\"p3\">Bilel\u00a0veut que <em>\u00ables autres pays nous respectent\u00bb.<\/em><\/p>\n<p class=\"p3\">Marouane\u00a0: \u00ab<em>L\u2019Alg\u00e9rie aux Alg\u00e9riens<\/em>.\u00bb<\/p>\n<p class=\"p3\">Walid\u00a0: <em>\u00abLes slogans<\/em> \u2018yatnahaw gaa\u2019 et \u2018natrabaw gaa\u2019\u00a0 <em>disent tout<\/em>. <em>On a vu \u00e0 la place de la R\u00e9publique des sc\u00e8nes \u00e9mouvantes\u00a0: des m\u00e8res de famille qui pleurent en nous \u00e9coutant, des familles enti\u00e8res viennent vers nous. Nos messages les touchent. On essaie d\u2019encadrer d\u2019autres jeunes. On est l\u00e0 pour changer notre comportement<\/em>.\u00bb<\/p>\n<p class=\"p3\">Quant \u00e0 l\u2019avenir de l\u2019Alg\u00e9rie<em>,<span class=\"Apple-converted-space\">\u00a0<\/span> \u00abil y a des gens qui inspirent confiance, qui sont comp\u00e9tents, qui peuvent repr\u00e9senter le pays, ce n\u2019est pas \u00e7a qui nous fait peur. Les Alg\u00e9riens sont<span class=\"Apple-converted-space\">\u00a0<\/span> livr\u00e9s \u00e0 eux-m\u00eames depuis 60 ans, quand les dirigeants actuels partiront ce ne sera pas pire. Le hirak n\u2019est pas sans r\u00e9sultat.<\/em><\/p>\n<p class=\"p3\"><em>Le hirak c\u2019est<\/em> un <em>djihad, une r\u00e9volution. J\u2019ai confiance en les Alg\u00e9riens.\u00bb<\/em> \u00ab<em>Le hirak c\u2019est notre cause, personne ne pourra nous diviser.\u00bb<\/em> Abdelhak appuie\u00a0: \u00abO<em>n est optimistes, le hirak a apport\u00e9 beaucoup de choses, comme une prise de conscience g\u00e9n\u00e9rale<\/em>.\u00bb<\/p>\n<p class=\"p3\">Walid reprend la parole\u00a0: \u00ab<em>Nous avons connaissance des sacrifices de nos parents et grands-parents pour l\u2019ind\u00e9pendance de l\u2019Alg\u00e9rie<\/em> <em>et le recouvrement de sa souverainet\u00e9 nationale<\/em>.\u00bb \u00ab<em>Les d\u00e9cideurs nous disent<\/em> : <em>\u2018on vous a apport\u00e9 l\u2019istiqlal\u00a0\u2018.<\/em> \u00ab<em>Nous on leur dit<\/em>\u00a0: \u2018donnez-nous l\u2019Alg\u00e9rie on ram\u00e8nera l\u2019istiqlal\u2019, <em>c\u2019est-\u00e0-dire la libert\u00e9 qui nous a toujours manqu\u00e9.\u00bb<\/em> Samir\u00a0: \u00abC<em>eux qui d\u00e9tiennent le pouvoir et qui nous ont m\u00e9pris\u00e9s ont \u00e9chou\u00e9, qu\u2019ils d\u00e9gagent\u00a0! L\u2019Alg\u00e9rie ne leur appartient pas.\u00bb<\/em><\/p>\n<p class=\"p3\">Et, en guise de<span class=\"Apple-converted-space\">\u00a0<\/span> conclusion, sur une note de musique, ils entonnent en choeur\u00a0: \u00ab<em>Rana s\u2019hina, bassitou bina<\/em>\u00bb, autrement dit\u00a0: \u00abI<em>ls nous ont endormis, on s\u2019est r\u00e9veill\u00e9s<\/em>.\u00bb \u00ab<em>An oualou la bladna nadou la fridha\u00bb (<\/em>Nous reviendrons dans notre pays, nous prendrons la succession, ndlr).<\/p>\n<blockquote readability=\"10\">\n<p class=\"p1\">Pour prolonger leur engagement d\u2019\u00e9veil \u00e0 la citoyennet\u00e9, aux droits et obligations qui lui sont assujettis, Walid et ses amis vont s\u2019organiser en association. Ce qui leur permettra d\u2019organiser des activit\u00e9s culturelles sur ce th\u00e8me en direction des jeunes des quartiers populaires de la r\u00e9gion parisienne et pourquoi pas dans toute la France.<\/p>\n<\/blockquote>\n<div class=\"yuzo_related_post style-1\" data-version=\"5.12.88\">\n<p><h3>Related Post<\/h3>\n<\/p>\n<div class=\"yuzo_wraps\">\n<div class=\"relatedthumb relatedpost-305820 c11\"><a href=\"https:\/\/www.elwatan.com\/edition\/actualite\/journee-mondiale-des-droits-de-lhomme-le-wali-interdit-une-conference-10-12-2018\"\/><\/p>\n<p><span class=\"yuzo__text--title c10\">Journ\u00e9e mondiale des droits de l\u2019homme : Le wali i&#8230;<\/span><\/div>\n<div class=\"relatedthumb relatedpost-507430 c11\"><a href=\"https:\/\/www.elwatan.com\/regions\/sud\/actu-sud\/concours-de-recrutement-395-postes-pour-la-wilaya-2-10-04-2016\"\/><\/p>\n<p><span class=\"yuzo__text--title c10\">Concours de recrutement : 395 postes pour la wilay&#8230;<\/span><\/div>\n<div class=\"relatedthumb relatedpost-559379 c11\"><a href=\"https:\/\/www.elwatan.com\/edition\/culture\/barzakh-1990-1995-algerie-chronique-photographique-de-ammar-bouras-la-photogenie-dun-reporter-20-02-2019\"\/><\/p>\n<p><span class=\"yuzo__text--title c10\">Barzakh. 1990-1995\u00a0: Alg\u00e9rie, chronique photograph&#8230;<\/span><\/div>\n<div class=\"relatedthumb relatedpost-559945 c11\"><a href=\"https:\/\/www.elwatan.com\/edition\/culture\/institut-francais-doran-fernand-pouillon-une-architecture-habitee-23-02-2019\"\/><\/p>\n<p><span class=\"yuzo__text--title c10\">Institut Fran\u00e7ais d\u2019Oran : Fernand Pouillon, une a&#8230;<\/span><\/div>\n<\/div>\n<\/div>\n<p><span class=\"post-views-label\">Post Views:<\/span> <span class=\"post-views-count\">397<\/span><\/p>\n<p>Auteur: Hicham Chouadria<br \/>\n<a href=\"https:\/\/www.elwatan.com\/edition\/actualite\/notre-revolution-nous-la-faisons-en-chantant-10-05-2019\">Cliquez ici pour lire l&rsquo;article depuis sa source.<\/a><\/p>\n","protected":false},"excerpt":{"rendered":"<p>Un groupe complice, une fratrie d\u2019adoption reconstitu\u00e9e dans l\u2019exil (Photo : El Watan Weekend ) Ils ont entre 27 et 37 ans. Le groupe soud\u00e9, que forment Walid, Samir, Rafik, Bilel, Abdelhak et Marouane, est depuis le 22 f\u00e9vrier, tous les dimanches, place de la R\u00e9publique o\u00f9 ils arrivent \u00e0 13h pour ne quitter les [&hellip;]<\/p>\n","protected":false},"author":1743,"featured_media":33502,"comment_status":"closed","ping_status":"closed","sticky":false,"template":"","format":"standard","meta":{"fifu_image_url":"","fifu_image_alt":"","footnotes":""},"categories":[73,53],"tags":[],"class_list":["post-33501","post","type-post","status-publish","format-standard","has-post-thumbnail","hentry","category-actualite","category-algerie"],"_links":{"self":[{"href":"https:\/\/linitiative.ca\/International\/wp-json\/wp\/v2\/posts\/33501","targetHints":{"allow":["GET"]}}],"collection":[{"href":"https:\/\/linitiative.ca\/International\/wp-json\/wp\/v2\/posts"}],"about":[{"href":"https:\/\/linitiative.ca\/International\/wp-json\/wp\/v2\/types\/post"}],"author":[{"embeddable":true,"href":"https:\/\/linitiative.ca\/International\/wp-json\/wp\/v2\/users\/1743"}],"replies":[{"embeddable":true,"href":"https:\/\/linitiative.ca\/International\/wp-json\/wp\/v2\/comments?post=33501"}],"version-history":[{"count":0,"href":"https:\/\/linitiative.ca\/International\/wp-json\/wp\/v2\/posts\/33501\/revisions"}],"wp:featuredmedia":[{"embeddable":true,"href":"https:\/\/linitiative.ca\/International\/wp-json\/"}],"wp:attachment":[{"href":"https:\/\/linitiative.ca\/International\/wp-json\/wp\/v2\/media?parent=33501"}],"wp:term":[{"taxonomy":"category","embeddable":true,"href":"https:\/\/linitiative.ca\/International\/wp-json\/wp\/v2\/categories?post=33501"},{"taxonomy":"post_tag","embeddable":true,"href":"https:\/\/linitiative.ca\/International\/wp-json\/wp\/v2\/tags?post=33501"}],"curies":[{"name":"wp","href":"https:\/\/api.w.org\/{rel}","templated":true}]}}