{"id":33506,"date":"2019-05-10T05:20:33","date_gmt":"2019-05-10T09:20:33","guid":{"rendered":"https:\/\/linitiative.ca\/International\/election-du-4-juillet-le-peuple-insiste-sur-le-non\/"},"modified":"2019-05-10T05:20:33","modified_gmt":"2019-05-10T09:20:33","slug":"election-du-4-juillet-le-peuple-insiste-sur-le-non","status":"publish","type":"post","link":"https:\/\/linitiative.ca\/International\/election-du-4-juillet-le-peuple-insiste-sur-le-non\/","title":{"rendered":"\u00c9lection du 4 juillet : le peuple insiste sur le \u00abnon\u00bb"},"content":{"rendered":"<h4 class=\"title-14\"\/>\n<div class=\"featured_image\"><img width=\"800\" height=\"634\" data-cfsrc=\"https:\/\/www.elwatan.com\/wp-content\/uploads\/2019\/05\/h-ly\u00e8s-e1557454272243.jpg\" class=\"attachment-post-thumbnail size-post-thumbnail wp-post-image c1\" alt=\"\"\/><noscript><\/p>\n<p><img loading=\"lazy\" decoding=\"async\" width=\"800\" height=\"634\" src=\"https:\/\/www.elwatan.com\/wp-content\/uploads\/2019\/05\/h-ly%C3%A8s-e1557454272243.jpg\" class=\"attachment-post-thumbnail size-post-thumbnail wp-post-image\" alt=\"\"\/><\/p>\n<p><\/noscript> <span class=\"featured-image-caption\">( Photo\u00a0: H. Lyes )<\/span><\/div>\n<p>Bensalah, pr\u00e9sident int\u00e9rimaire, contest\u00e9 et rejet\u00e9 par le peuple, re\u00e7oit Bedoui, lui aussi consid\u00e9r\u00e9 comme ill\u00e9gitime par le mouvement populaire qui demande son d\u00e9part. Au menu : pr\u00e9paratifs de l\u2019\u00e9lection pr\u00e9sidentielle. Les deux responsables ignorent visiblement le peuple. Le chef de l\u2019Etat souligne \u00abl\u2019imp\u00e9ratif de respecter les d\u00e9lais et les \u00e9ch\u00e9ances pr\u00e9vus par la Constitution\u00bb\u00a0! Techniquement et politiquement, peut-on maintenir cette date du 4 juillet\u00a0? Avis de sp\u00e9cialistes.<\/p>\n<p>\u00abIl faut aller au boycott du d\u00e9bat de ces \u00e9lections et rejeter carr\u00e9ment cette mascarade par tous les moyens pacifiques possibles. Cette situation est pire qu\u2019une provocation, une supercherie, voire suicidaire pour le pays.<\/p>\n<p>Je suis convaincu que personne ne croit au changement par une \u00e9lection\u00bb, atteste Rachid Chaibi. Beaucoup d\u2019Alg\u00e9riens et d\u2019Alg\u00e9riennes pensent comme ce militant du FFS. \u00abLa population, \u00e0 B\u00e9ja\u00efa, est unanime\u00a0: on ignore cette \u00e9lection.<\/p>\n<p>Nous sommes en plein r\u00e9volution du sourire afin de changer les choses profond\u00e9ment. Les tenants du pouvoir sont entrain d\u2019\u00e9tudier le report des \u00e9lections, car l\u2019ensemble des indicateurs et des signes montre un climat non favorable \u00e0 une \u00e9lection.\u00bb, d\u00e9clare Fodil Chaalane, \u00e9lu premier responsable FFS \u00e0 Adekar.<\/p>\n<p>Le boycott des \u00e9lections est la d\u00e9cision de nombreux pr\u00e9sident d\u2019APC de plusieurs wilayas. Tizi Ouzou et Beja\u00efa ont notamment \u00e9t\u00e9 les premi\u00e8res \u00e0 refuser la r\u00e9vision et la pr\u00e9paration de l\u2019\u00e9lection pr\u00e9sidentielle.<\/p>\n<p>Une quinzaine de pr\u00e9sidents d\u2019APC ont suivi par la suite. Aujourd\u2019hui, la situation n\u2019a pas chang\u00e9, du moins du c\u00f4t\u00e9 d\u2019Akbou. Mouloud Salhi, pr\u00e9sident de l\u2019APC d\u2019Akbou, fait aussi parti des maires qui sont dans le mouvement de boycott. \u00abHier, il y avait une coordination avec l\u2019ensemble des maires des communes de Beja\u00efa.<\/p>\n<p>Pour le moment, nous sommes \u00e0 l\u2019arr\u00eat en ce qui concerne les \u00e9lections pr\u00e9sidentielles prochaines\u00bb, pr\u00e9cise Mouloud Salhi, pr\u00e9sident de l\u2019APC d\u2019Akbou. Le gouvernement mise sur une sortie de crise par une \u00e9lection. \u00abSortir de cette crise par des \u00e9lections n\u2019est pas impossible, mais ce n\u2019est peut-\u00eatre pas la solution \u00e0 la situation actuelle\u00bb, explique Louiza Dris A\u00eft Hamdadouche, politologue. Il faut savoir que le peuple refuse cat\u00e9goriquement cette solution.<\/p>\n<p>Elle ne fait partie de leurs revendications et encore moins de celle de l\u2019opposition. \u00abL\u2019\u00e9lection s\u2019inscrit dans une solution constitutionnelle \u00e0 laquelle s\u2019accrochent encore les gouvernants.<\/p>\n<p>Toutefois, pour que cette \u00e9lection puisse th\u00e9oriquement apporter une solution \u00e0 la crise de l\u00e9gitimit\u00e9 \u00e0 cette crise politique, il aurait fallu qu\u2019elle ait les garanties minimums de transparence. Or, elle est effectivement impossible pour la transparence de ces \u00e9lections, et ce, pour plusieurs raisons\u00bb, atteste Louiza Dris A\u00eft Hamdadouche. Les raisons se cat\u00e9gorisent selon des aspects techniques et politiques.<\/p>\n<p><strong>\u00c9lection transparente<\/strong><\/p>\n<p>\u00abD\u2019un point de vue technique, pour que des \u00e9lections soit transparente, il faudrait imp\u00e9rativement changer les m\u00e9canismes et les instruments de cette \u00e9lection. Il ne faudrait pas qu\u2019elles soient garanties par le ministre de l\u2019int\u00e9rieur et les administrations actuelles, encore moins par le chef de l\u2019\u00c9tat actuel ni avec le fichier \u00e9lectorale actuel ni avec la loi \u00e9lectorale actuelle\u00bb, explique-t-elle.<\/p>\n<p>En d\u2019autres termes, on a besoin d\u2019une instance ind\u00e9pendante d\u2019organisation des \u00e9lections. Ce qu\u2019h\u00e9las nous n\u2019avons pas. Pour cela, ce qui doit \u00eatre fait, selon Louiza Dris A\u00eft Hamdadouche, consiste en une r\u00e9vision du fichier \u00e9lectoral, la promulgation d\u2019une nouvelle loi \u00e9lectorale, et ce, avec des acteurs neutres et cr\u00e9dibles.<\/p>\n<p>Tous ces \u00e9l\u00e9ments n\u2019ont pas \u00e9t\u00e9 r\u00e9unis. Pour ce qui est de la r\u00e9vision de la loi \u00e9lectorale, elle fait partie des aspects techniques qui n\u2019ont pas \u00e9t\u00e9 r\u00e9alis\u00e9s aujourd\u2019hui et qui ne le seront manifestement pas d\u2019ici le 4 juillet. Maintenant pour r\u00e9aliser des \u00e9lections transparentes, un climat de s\u00e9r\u00e9nit\u00e9 et d\u2019apaisement est n\u00e9cessaire. \u00abUne \u00e9lection a besoin que la population se mobilise autour de partis politiques, autour de programmes, autour d\u2019id\u00e9es.<\/p>\n<p>Ce qui n\u2019est pas le cas aujourd\u2019hui, car les lois actuelles qui r\u00e9gissent la libert\u00e9 individuelle et collective ne permettent pas une libre expression et une libre mobilisation de la population\u00bb, ajoute Mme Dris A\u00eft Hamadouche.<\/p>\n<p>En effet, depuis le 22 f\u00e9vrier et jusqu\u2019\u00e0 aujourd\u2019hui, le mouvement populaire ne fl\u00e9chit pas, notamment en ce mois de Ramadhan, alors que le gouvernement s\u2019attendait \u00abpeut-\u00eatre\u00bb \u00e0 ce qu\u2019il se d\u00e9courage. Les revendications populaires sont toujours aussi claires et le gouvernement fait toujours la sourde oreille. Dans les slogans des manifestants, il n\u2019y a pas d\u2019\u00e9lection en vue.<\/p>\n<p>\u00abCe n\u2019est pas le moment de parler d\u2019\u00e9lections. Avant d\u2019en arriver l\u00e0, nous devons \u00e9couter les revendications du peuple qui sont unanimes.<\/p>\n<p>Ce gouvernement n\u2019est pas l\u00e9gitime et ces \u00e9lections le sont encore moins. Les partisans du pouvoir sont d\u00e9termin\u00e9s coute que coute \u00e0 \u00e9viter le passage \u00e0 la transition du pouvoir\u00bb, d\u00e9clare Mustapha, \u00e9tudiant en g\u00e9nie civil \u00e0 l\u2019universit\u00e9 de Bab Ezzouar. Les manifestations orchestr\u00e9es se sont toujours d\u00e9roul\u00e9es dans le pacifisme et le respect d\u2019autrui.<\/p>\n<p>Aucun d\u00e9bordement n\u2019a officiel \u00e9tait enregistr\u00e9, preuve que le peuple mise sur un changement politique complet et dans la s\u00e9r\u00e9nit\u00e9. Ce qu\u2019il est important de pr\u00e9ciser c\u2019est pourquoi il est \u00abimpossible\u00bb d\u2019organiser des \u00e9lections le 4 juillet prochain.<\/p>\n<p>Le probl\u00e8me n\u2019est pas dans ce court d\u00e9lai, mais dans comment vont-elles se d\u00e9rouler. Et, surtout, qui va se pr\u00e9senter. \u00abMais, avant de d\u00e9boucher vers des candidats potentiels, il est n\u00e9cessaire d\u2019amorcer une transition.<\/p>\n<p>Cette p\u00e9riode de transition a pour but d\u2019ouvrir l\u2019espace politique pour permettre aux Alg\u00e9riens de s\u2019organiser et se mobiliser autour d\u2019une force politique porteuse de projet. Pour le moment, on ne peut pas d\u00e9gager de candidats potentiels pour une \u00e9lection, car nous n\u2019avons pas encore ce contexte et cet environnement qui permettent de lib\u00e9rer les initiatives politiques\u00bb, affirme Louiza Dris A\u00eft Hamdadouche.<\/p>\n<p><strong>Qui va aller voter\u00a0?<\/strong><\/p>\n<p>Au cas o\u00f9 nous arrivons \u00e0 un environnement propice \u00e0 une \u00e9ventuelle \u00e9lection, le peuple alg\u00e9rien va-t-il y participer\u00a0? \u00abAucune \u00e9lection n\u2019est impossible, sauf si le peuple ne veut pas y participer.<\/p>\n<p>Mais avant d\u2019en arriver l\u00e0, il faudrait d\u2019abord faire la diff\u00e9rence entre ce qu\u2019on appelle le peuple, car il y a le corps social que l\u2019on trouve dans le hirak et le corps \u00e9lectoral, celui qui va r\u00e9ellement voter. Le passage du corps social au corps \u00e9lectoral va n\u00e9cessiter des r\u00e9ductions.<\/p>\n<p>Ces derni\u00e8res s\u2019inscrivent dans les conditions que pose la loi \u00e9lectorale pour \u00eatre \u00e9lecteur, entre autres \u00eatre de nationalit\u00e9 alg\u00e9rienne, avoir plus de 18\u00a0ans, \u00eatre ni failli ni condamn\u00e9, mais avant tout \u00eatre inscrit sur une liste \u00e9lectorale\u00bb, explique Fatiha Benabbou, constitutionaliste.<\/p>\n<p>De mani\u00e8re rationnelle dans ce mouvement de protestation, il y a \u00e9norm\u00e9ment de jeunes et beaucoup ne sont pas inscrits sur les listes \u00e9lectorales. D\u2019apr\u00e8s Fatiha Benabbou, nous sommes en face d\u2019un drame dans ce hirak.<\/p>\n<p>La constitutionaliste affirme\u00a0: \u00abLe risque, c\u2019est que ces jeunes ne fassent pas partie du corps \u00e9lectoral. Dans ce cas, il y aura une r\u00e9duction drastique du corps social au corps \u00e9lectoral.<\/p>\n<p>Parmi ce corps \u00e9lectoral, il faut r\u00e9introduire les personnes que le hirak \u00e9carte de l\u2019\u00e9lection, comme les nationalistes du FLN, les militants du RND, ceux des autres partis politiques qui ne participent pas au mouvement populaire, mais qui vont aller voter. Juridiquement, le corps social, c\u2019est l\u2019opinion publique.<\/p>\n<p>Il reste et il demeure celui qui permet d\u2019infl\u00e9chir les politiques. N\u00e9anmoins, celui qui va v\u00e9ritablement participer et d\u00e9cider, c\u2019est finalement le corps \u00e9lectoral.\u00bb Dans ce corps social, cet \u00e9cart repr\u00e9sente les jeunes marginalis\u00e9s, les femmes au foyer, etc.<\/p>\n<div class=\"yuzo_related_post style-1\" data-version=\"5.12.88\">\n<p><h3>Related Post<\/h3>\n<\/p>\n<div class=\"yuzo_wraps\">\n<div class=\"relatedthumb relatedpost-382258 c11\"><a href=\"https:\/\/www.elwatan.com\/regions\/est\/constantine\/constantine-trois-morts-sur-les-routes-en-48-heures-26-12-2018\"\/><\/p>\n<p><span class=\"yuzo__text--title c10\">Constantine :\u00a0Trois morts sur les routes en 48 heu&#8230;<\/span><\/div>\n<div class=\"relatedthumb relatedpost-146263 c11\"><a href=\"https:\/\/www.elwatan.com\/edition\/actualite\/il-avait-tague-son-humanisme-29-08-2018\"\/><\/p>\n<p><span class=\"yuzo__text--title c10\">Il avait tagu\u00e9 son humanisme<\/span><\/div>\n<div class=\"relatedthumb relatedpost-555876 c11\"><a href=\"https:\/\/www.elwatan.com\/regions\/est\/setif\/setif-el-maouane-en-appoint-pour-laquaculture-31-01-2019\"\/><\/p>\n<p><span class=\"yuzo__text--title c10\">S\u00e9tif :\u00a0El Maouane en appoint pour l\u2019aquaculture&#8230;<\/span><\/div>\n<div class=\"relatedthumb relatedpost-567096 c11\"><a href=\"https:\/\/www.elwatan.com\/pages-hebdo\/sup-eco\/la-lutte-contre-les-passoires-energetiques-doit-devenir-une-priorite-01-04-2019\"\/><\/p>\n<p><span class=\"yuzo__text--title c10\">\u00abLa lutte contre les passoires \u00e9nerg\u00e9tiques doit d&#8230;<\/span><\/div>\n<\/div>\n<\/div>\n<p><span class=\"post-views-label\">Post Views:<\/span> <span class=\"post-views-count\">1\u00a0918<\/span><\/p>\n<p>Auteur: Hicham Chouadria<br \/>\n<a href=\"https:\/\/www.elwatan.com\/edition\/actualite\/election-du-4-juillet-le-peuple-insiste-sur-le-non-10-05-2019\">Cliquez ici pour lire l&rsquo;article depuis sa source.<\/a><\/p>\n","protected":false},"excerpt":{"rendered":"<p>( Photo\u00a0: H. Lyes ) Bensalah, pr\u00e9sident int\u00e9rimaire, contest\u00e9 et rejet\u00e9 par le peuple, re\u00e7oit Bedoui, lui aussi consid\u00e9r\u00e9 comme ill\u00e9gitime par le mouvement populaire qui demande son d\u00e9part. Au menu : pr\u00e9paratifs de l\u2019\u00e9lection pr\u00e9sidentielle. Les deux responsables ignorent visiblement le peuple. Le chef de l\u2019Etat souligne \u00abl\u2019imp\u00e9ratif de respecter les d\u00e9lais et les [&hellip;]<\/p>\n","protected":false},"author":1743,"featured_media":33507,"comment_status":"closed","ping_status":"closed","sticky":false,"template":"","format":"standard","meta":{"fifu_image_url":"","fifu_image_alt":"","footnotes":""},"categories":[73,53],"tags":[],"class_list":["post-33506","post","type-post","status-publish","format-standard","has-post-thumbnail","hentry","category-actualite","category-algerie"],"_links":{"self":[{"href":"https:\/\/linitiative.ca\/International\/wp-json\/wp\/v2\/posts\/33506","targetHints":{"allow":["GET"]}}],"collection":[{"href":"https:\/\/linitiative.ca\/International\/wp-json\/wp\/v2\/posts"}],"about":[{"href":"https:\/\/linitiative.ca\/International\/wp-json\/wp\/v2\/types\/post"}],"author":[{"embeddable":true,"href":"https:\/\/linitiative.ca\/International\/wp-json\/wp\/v2\/users\/1743"}],"replies":[{"embeddable":true,"href":"https:\/\/linitiative.ca\/International\/wp-json\/wp\/v2\/comments?post=33506"}],"version-history":[{"count":0,"href":"https:\/\/linitiative.ca\/International\/wp-json\/wp\/v2\/posts\/33506\/revisions"}],"wp:featuredmedia":[{"embeddable":true,"href":"https:\/\/linitiative.ca\/International\/wp-json\/"}],"wp:attachment":[{"href":"https:\/\/linitiative.ca\/International\/wp-json\/wp\/v2\/media?parent=33506"}],"wp:term":[{"taxonomy":"category","embeddable":true,"href":"https:\/\/linitiative.ca\/International\/wp-json\/wp\/v2\/categories?post=33506"},{"taxonomy":"post_tag","embeddable":true,"href":"https:\/\/linitiative.ca\/International\/wp-json\/wp\/v2\/tags?post=33506"}],"curies":[{"name":"wp","href":"https:\/\/api.w.org\/{rel}","templated":true}]}}