{"id":33508,"date":"2019-05-10T05:30:29","date_gmt":"2019-05-10T09:30:29","guid":{"rendered":"https:\/\/linitiative.ca\/International\/sacre-vendredi-ni-ramadhan-ni-gaid-salah-narreteront-la-mobilisation-du-peuple\/"},"modified":"2019-05-10T05:30:29","modified_gmt":"2019-05-10T09:30:29","slug":"sacre-vendredi-ni-ramadhan-ni-gaid-salah-narreteront-la-mobilisation-du-peuple","status":"publish","type":"post","link":"https:\/\/linitiative.ca\/International\/sacre-vendredi-ni-ramadhan-ni-gaid-salah-narreteront-la-mobilisation-du-peuple\/","title":{"rendered":"Sacr\u00e9 vendredi\u00a0! : Ni Ramadhan ni Ga\u00efd Salah n\u2019arr\u00eateront la mobilisation du peuple"},"content":{"rendered":"<h4 class=\"title-14\"\/>\n<div class=\"featured_image\"><img width=\"800\" height=\"1161\" data-cfsrc=\"https:\/\/www.elwatan.com\/wp-content\/uploads\/2019\/05\/B-souhil-une-e1557453864470.jpg\" class=\"attachment-post-thumbnail size-post-thumbnail wp-post-image c1\" alt=\"\"\/><noscript><\/p>\n<p><img loading=\"lazy\" decoding=\"async\" width=\"800\" height=\"1161\" src=\"https:\/\/www.elwatan.com\/wp-content\/uploads\/2019\/05\/B-souhil-une-e1557453864470.jpg\" class=\"attachment-post-thumbnail size-post-thumbnail wp-post-image\" alt=\"\"\/><\/p>\n<p><\/noscript> <span class=\"featured-image-caption\">( Photo : Souhil B)<\/span><\/div>\n<p>Il ne reste plus rien \u00e0 dire, vu que tout est d\u00e9cid\u00e9 par le chef d\u2019\u00e9tat-major, Ga\u00efd Salah. D\u00e9sormais, penser \u00e0 une autre feuille de route de \u00absortie de crise\u00bb, comme il d\u00e9crit lui-m\u00eame la situation politique actuelle, en dehors de la sienne est consid\u00e9r\u00e9 comme un acte de \u00abtrahison\u00bb, lit-on dans l\u2019article de l\u2019APS qui reprend l\u2019\u00e9ditorial paru mercredi dans le dernier num\u00e9ro de la revue El Dje\u00efch.<\/p>\n<p>Le plan de ces derniers, qualifi\u00e9s par Ga\u00efd de \u00abrevanchards\u00bb, est d\u00e9crit comme de \u00abvils desseins afin de mettre la main sur le hirak pacifique et de prendre le train en marche\u00bb. Ce qu\u2019il a exactement fait apr\u00e8s la d\u00e9mission de Bouteflika.<\/p>\n<p>Ga\u00efd Salah n\u2019a, finalement, jamais aspir\u00e9 au d\u00e9bat comme il le pr\u00e9tend. Ou, pense-t-il que les gens l\u2019acclameront et \u00e9pouseront aveugl\u00e9ment ses d\u00e9marches comme certains soumis le faisaient \u00e0 l\u2019\u00e9poque des Bouteflika ? Ses appels au dialogue, notamment quand il critique les formations politiques qui ont refus\u00e9 de prendre part \u00e0 la conf\u00e9rence nationale de Bensalah, ne sont que des mots, du vent\u2026<\/p>\n<p>Il se contredit, certes\u00a0! Pis, il nous conduit droit vers une dictature militaire o\u00f9 la pluralit\u00e9 politique et le d\u00e9bat contradictoire ne sont qu\u2019utopies. \u00abD\u00e9cid\u00e9ment, \u00eatre contre Ga\u00efd Salah est un complot contre la nation ! Je suis contre lui, comme l\u2019est la majorit\u00e9 des Alg\u00e9riens qui sortent chaque vendredi et alors ! Le chef d\u2019\u00e9tat-major ne refl\u00e8te aucunement les aspirations du peuple\u00bb, lance Moussa Na\u00eet Amara, militant politique.<\/p>\n<p><strong>Boycott<\/strong><\/p>\n<p>La solution politique qui donnera suite \u00e0 la r\u00e9volution du peuple se complique de plus en plus depuis l\u2019implication de Ga\u00efd Salah qui veut, \u00e0 tout prix, imposer une \u00e9lection avec les m\u00eames t\u00eates du syst\u00e8me, les m\u00eames m\u00e9canismes et la m\u00eame Constitution qui a engendr\u00e9 l\u2019impasse.<\/p>\n<p>En dehors des casernes, ce sont plusieurs partis politiques et personnalit\u00e9s publiques \u00e0 appeler plut\u00f4t \u00e0 une p\u00e9riode de transition ou un processus constituant qu\u2019une \u00e9lection pr\u00e9cipit\u00e9e qui ne laissera aucunement le temps \u00e0 la soci\u00e9t\u00e9 de s\u2019organiser et n\u2019arrangera que les forces organis\u00e9es, dont celles de l\u2019arm\u00e9e et du pouvoir.<\/p>\n<p>Une grande partie des Alg\u00e9riens, si ce n\u2019est la majorit\u00e9, comme ils le font savoir chaque vendredi, campent sur leur position de \u00abboycott de la prochaine \u00e9lection pr\u00e9sidentielle si la revendication principale du mouvement, qui est le d\u00e9part de tout le syst\u00e8me, n\u2019est pas r\u00e9alis\u00e9e\u00bb. \u00abLe pouvoir continue dans sa politique d\u2019il y a 20 ans.<\/p>\n<p>Cette derni\u00e8re consistait \u00e0 \u00e9carter le peuple des plus importants rendez-vous politiques et \u00e9lectoraux. Maintenir le 4 juillet comme date de la prochaine \u00e9lection pr\u00e9sidentielle, c\u2019est pousser le peuple \u00e0 boycotter cette \u00e9lection afin que le pouvoir r\u00e9ussisse \u00e0 pr\u00e9server ses int\u00e9r\u00eats\u00bb, alerte Messaouda Cheballah, cadre du Mouvement d\u00e9mocratique et social (MDS).<\/p>\n<p>Pas de p\u00e9riode de transition pour le chef d\u2019\u00e9tat-major, ce qui le met dans la cat\u00e9gorie supr\u00eame de Rab Dza\u00efr auquel il s\u2019oppose. Les \u00e9tudiants ont pris d\u2019assaut les rues, mardi, et ont prouv\u00e9, contre toute attente, que les conditions difficiles de ce mois de Ramadhan, pour celles et pour ceux qui l\u2019observent, ne pouvaient les emp\u00eacher de continuer leur combat et maintenir la mobilisation.<\/p>\n<p><strong>R\u00e8glements<\/strong><\/p>\n<p>Pour la manifestation d\u2019aujourd\u2019hui, certains appellent \u00e0 garder la journ\u00e9e comme fourchette de mobilisation, d\u2019autres appellent plut\u00f4t \u00e0 manifester durant la soir\u00e9e.<\/p>\n<p>Ce qui est certain, rien n\u2019arr\u00eatera la d\u00e9termination du peuple \u00e0 aller dans le sens de ses aspirations, pour la fondation d\u2019une r\u00e9elle d\u00e9mocratie, d\u2019un Etat de justice, de droits et de libert\u00e9s, et aller vers une deuxi\u00e8me r\u00e9publique tant clam\u00e9e depuis le d\u00e9but des manifestations.<\/p>\n<p>Car tout fait croire que Ga\u00efd Salah, qui ne devait m\u00eame pas s\u2019ing\u00e9rer dans les affaires politiques, a d\u2019autres aspirations qui ne le concernent que lui ; il justifie ses d\u00e9marches par la relation de confiance existant entre le peuple et son arm\u00e9e.<\/p>\n<p>Apr\u00e8s les deux g\u00e9n\u00e9raux, Tartag et Toufik, ainsi que Sa\u00efd Bouteflika \u2013 qui n\u2019est qu\u2019un civil et qui ne devrait pas \u00eatre jug\u00e9 par un tribunal militaire \u2013, c\u2019\u00e9tait au tou, hier, de la premi\u00e8re responsable du Parti des travailleurs, Louisa Hanoune, d\u2019\u00eatre entendue par le m\u00eame tribunal, qui l\u2019a mise sous mandat de d\u00e9p\u00f4t. Certains seraient accus\u00e9s \u00abd\u2019avoir complot\u00e9 contre l\u2019institution militaire\u00bb ou \u00abd\u2019avoir rencontr\u00e9 les comploteurs\u00bb.<\/p>\n<p>D\u2019autres seraient accus\u00e9s d\u2019avoir \u00abfalsifi\u00e9 la d\u00e9cision du limogeage de Ga\u00efd Salah\u00bb. Mais dans les deux cas, cela ne concernait ni la r\u00e9volution du peuple ni ses revendications principales, mais uniquement l\u2019institution militaire ou plut\u00f4t la personne m\u00eame du chef d\u2019\u00e9tat-major.<\/p>\n<p>\u00abComment peut-on appeler ceci ce n\u2019est un r\u00e8glement de comptes\u00bb, s\u2019interrogent des internautes. \u00abLe peuple ne s\u2019est pas soulev\u00e9 pour des r\u00e8glements de comptes. Mais pour le changement radical de tout le syst\u00e8me et pour le fondement d\u2019Etat d\u00e9mocratique, d\u2019une justice sociale et la concr\u00e9tisation de l\u2019ind\u00e9pendance de la justice.<\/p>\n<p>Au c\u00f4t\u00e9 des \u00e9tudiants, j\u2019appelle les juges, les avocats et les m\u00e9decins \u00e0 sortir aussi en masse afin de donner un nouveau souffle \u00e0 la r\u00e9volution pacifique du peuple\u00bb, appelle Djamel Balou, d\u00e9put\u00e9 FFS de Bouira.<\/p>\n<p>Que dire de plus quand tout est d\u00e9cid\u00e9 par Ga\u00efd Salah\u00a0? Peut-il faire face aux 20 millions d\u2019Alg\u00e9riens \u00absans verser aucune de goutte de sang\u00bb comme il ne cesse de le dire dans ses diverses communications ?<\/p>\n<p>Un peuple pacifique, qui aspire au changement pacifique et souhaite reprendre sa souverainet\u00e9\u00a0: pouvoir d\u00e9cider sans qu\u2019on le fasse \u00e0 sa place et choisir sans qu\u2019on lui impose quoi que ce soit.<\/p>\n<div class=\"yuzo_related_post style-1\" data-version=\"5.12.88\">\n<p><h3>Related Post<\/h3>\n<\/p>\n<div class=\"yuzo_wraps\">\n<div class=\"relatedthumb relatedpost-567129 c11\"><a href=\"https:\/\/www.elwatan.com\/edition\/actualite\/les-architectes-protestent-pour-le-depart-du-systeme-a-tizi-ouzou-01-04-2019\"\/><\/p>\n<p><span class=\"yuzo__text--title c10\">Les architectes protestent pour le d\u00e9part du syst\u00e8&#8230;<\/span><\/div>\n<div class=\"relatedthumb relatedpost-244426 c11\"><a href=\"https:\/\/www.elwatan.com\/pages-hebdo\/sup-eco\/mediterranee-la-nouvelle-route-du-gaz-naturel-19-11-2007\"\/><\/p>\n<p><span class=\"yuzo__text--title c10\">M\u00e9diterran\u00e9e. La nouvelle route du gaz naturel<\/span><\/div>\n<div class=\"relatedthumb relatedpost-568432 c11\"><a href=\"https:\/\/www.elwatan.com\/edition\/actualite\/pour-la-reductiondes-disparites-regionales-08-04-2019\"\/><\/p>\n<p><span class=\"yuzo__text--title c10\">Journ\u00e9e mondiale de la sant\u00e9 : Pour la r\u00e9duction d&#8230;<\/span><\/div>\n<div class=\"relatedthumb relatedpost-560587 c11\"><a href=\"https:\/\/www.elwatan.com\/edition\/actualite\/manifestations-populaires-le-ton-conciliant-douyahia-26-02-2019\"\/><\/p>\n<p><span class=\"yuzo__text--title c10\">Manifestations populaires\u00a0 : Le ton conciliant d\u2019O&#8230;<\/span><\/div>\n<\/div>\n<\/div>\n<p><span class=\"post-views-label\">Post Views:<\/span> <span class=\"post-views-count\">7\u00a0488<\/span><\/p>\n<p>Auteur: Hicham Chouadria<br \/>\n<a href=\"https:\/\/www.elwatan.com\/a-la-une\/sacre-vendredi-ni-ramadhan-ni-gaid-salah-narreteront-la-mobilisation-du-peuple-10-05-2019\">Cliquez ici pour lire l&rsquo;article depuis sa source.<\/a><\/p>\n","protected":false},"excerpt":{"rendered":"<p>( Photo : Souhil B) Il ne reste plus rien \u00e0 dire, vu que tout est d\u00e9cid\u00e9 par le chef d\u2019\u00e9tat-major, Ga\u00efd Salah. D\u00e9sormais, penser \u00e0 une autre feuille de route de \u00absortie de crise\u00bb, comme il d\u00e9crit lui-m\u00eame la situation politique actuelle, en dehors de la sienne est consid\u00e9r\u00e9 comme un acte de \u00abtrahison\u00bb, [&hellip;]<\/p>\n","protected":false},"author":1743,"featured_media":33509,"comment_status":"closed","ping_status":"closed","sticky":false,"template":"","format":"standard","meta":{"fifu_image_url":"","fifu_image_alt":"","footnotes":""},"categories":[73,53],"tags":[],"class_list":["post-33508","post","type-post","status-publish","format-standard","has-post-thumbnail","hentry","category-actualite","category-algerie"],"_links":{"self":[{"href":"https:\/\/linitiative.ca\/International\/wp-json\/wp\/v2\/posts\/33508","targetHints":{"allow":["GET"]}}],"collection":[{"href":"https:\/\/linitiative.ca\/International\/wp-json\/wp\/v2\/posts"}],"about":[{"href":"https:\/\/linitiative.ca\/International\/wp-json\/wp\/v2\/types\/post"}],"author":[{"embeddable":true,"href":"https:\/\/linitiative.ca\/International\/wp-json\/wp\/v2\/users\/1743"}],"replies":[{"embeddable":true,"href":"https:\/\/linitiative.ca\/International\/wp-json\/wp\/v2\/comments?post=33508"}],"version-history":[{"count":0,"href":"https:\/\/linitiative.ca\/International\/wp-json\/wp\/v2\/posts\/33508\/revisions"}],"wp:featuredmedia":[{"embeddable":true,"href":"https:\/\/linitiative.ca\/International\/wp-json\/"}],"wp:attachment":[{"href":"https:\/\/linitiative.ca\/International\/wp-json\/wp\/v2\/media?parent=33508"}],"wp:term":[{"taxonomy":"category","embeddable":true,"href":"https:\/\/linitiative.ca\/International\/wp-json\/wp\/v2\/categories?post=33508"},{"taxonomy":"post_tag","embeddable":true,"href":"https:\/\/linitiative.ca\/International\/wp-json\/wp\/v2\/tags?post=33508"}],"curies":[{"name":"wp","href":"https:\/\/api.w.org\/{rel}","templated":true}]}}