{"id":33510,"date":"2019-05-10T10:00:08","date_gmt":"2019-05-10T14:00:08","guid":{"rendered":"https:\/\/linitiative.ca\/International\/12e-vendredi-bejaia-rejette-lelection-presidentielle-et-fustige-gaid-salah\/"},"modified":"2019-05-10T10:00:08","modified_gmt":"2019-05-10T14:00:08","slug":"12e-vendredi-bejaia-rejette-lelection-presidentielle-et-fustige-gaid-salah","status":"publish","type":"post","link":"https:\/\/linitiative.ca\/International\/12e-vendredi-bejaia-rejette-lelection-presidentielle-et-fustige-gaid-salah\/","title":{"rendered":"12e vendredi : B\u00e9jaia rejette l\u2019\u00e9lection pr\u00e9sidentielle et fustige Gaid Salah"},"content":{"rendered":"<p><span class=\"_5yl5\">Des dizaines de milliers de personnes ont manifest\u00e9 aujourd\u2019hui, pour le 12e vendredi cons\u00e9cutif \u00e0 B\u00e9jaia.<\/span><\/p>\n<p><span class=\"_5yl5\">La foule, qui s\u2019est \u00e9branl\u00e9e de la maison de la culture vers 13h30, a scand\u00e9 des slogans hostiles au chef d\u2019\u00e9tat-major de l\u2019arm\u00e9e et au syst\u00e8me de mani\u00e8re g\u00e9n\u00e9rale : \u201cGaid Salah d\u00e9gage !\u201d, \u201d le peuple ne veut pas une transition militaire\u201d.<\/span><\/p>\n<p><img class=\"aligncenter wp-image-577725 size-full c1\" data-cfsrc=\"https:\/\/www.elwatan.com\/wp-content\/uploads\/2019\/05\/Mache-B\u00e9ja\u00efa3-e1557500224251.jpg\" alt=\"\" width=\"957\" height=\"595\" srcset=\"https:\/\/www.elwatan.com\/wp-content\/uploads\/2019\/05\/Mache-B\u00e9ja\u00efa3-e1557500224251.jpg 957w, https:\/\/www.elwatan.com\/wp-content\/uploads\/2019\/05\/Mache-B\u00e9ja\u00efa3-e1557500224251-300x187.jpg 300w, https:\/\/www.elwatan.com\/wp-content\/uploads\/2019\/05\/Mache-B\u00e9ja\u00efa3-e1557500224251-768x477.jpg 768w\" sizes=\"(max-width: 957px) 100vw, 957px\"\/><\/p>\n<p><noscript><\/p>\n<p><img loading=\"lazy\" decoding=\"async\" class=\"aligncenter wp-image-577725 size-full\" src=\"https:\/\/www.elwatan.com\/wp-content\/uploads\/2019\/05\/Mache-B%C3%A9ja%C3%AFa3-e1557500224251.jpg\" alt=\"\" width=\"957\" height=\"595\" srcset=\"https:\/\/www.elwatan.com\/wp-content\/uploads\/2019\/05\/Mache-B\u00e9ja\u00efa3-e1557500224251.jpg 957w, https:\/\/www.elwatan.com\/wp-content\/uploads\/2019\/05\/Mache-B\u00e9ja\u00efa3-e1557500224251-300x187.jpg 300w, https:\/\/www.elwatan.com\/wp-content\/uploads\/2019\/05\/Mache-B\u00e9ja\u00efa3-e1557500224251-768x477.jpg 768w\" sizes=\"auto, (max-width: 957px) 100vw, 957px\"\/><\/p>\n<p><\/noscript><\/p>\n<p><span class=\"_5yl5\">Les B\u00e9jaouis ont \u00e9galement exprim\u00e9 leur rejet de l\u2019\u00e9lection pr\u00e9sidentielle pr\u00e9vue le 4 juillet, en scandant \u201d Ulac l\u2019vote Ulac ( pas d\u2019\u00e9lection)\u201d. Outre l\u2019incontournable \u201d Syst\u00e8me d\u00e9gage!\u201d, on peut lire sur les nombreuses pancartes hiss\u00e9es par les manifestants : \u201d \u00c9tat civil et non pas militaire\u201d et \u201d NON aux \u00e9lections organis\u00e9es par le gang\u201d.<\/span><\/p>\n<p><img class=\"aligncenter wp-image-577726 size-full c1\" data-cfsrc=\"https:\/\/www.elwatan.com\/wp-content\/uploads\/2019\/05\/Mache-B\u00e9ja\u00ef32-e1557500296513.jpg\" alt=\"\" width=\"960\" height=\"554\" srcset=\"https:\/\/www.elwatan.com\/wp-content\/uploads\/2019\/05\/Mache-B\u00e9ja\u00ef32-e1557500296513.jpg 960w, https:\/\/www.elwatan.com\/wp-content\/uploads\/2019\/05\/Mache-B\u00e9ja\u00ef32-e1557500296513-300x173.jpg 300w, https:\/\/www.elwatan.com\/wp-content\/uploads\/2019\/05\/Mache-B\u00e9ja\u00ef32-e1557500296513-768x443.jpg 768w\" sizes=\"(max-width: 960px) 100vw, 960px\"\/><\/p>\n<p><noscript><\/p>\n<p><img loading=\"lazy\" decoding=\"async\" class=\"aligncenter wp-image-577726 size-full\" src=\"https:\/\/www.elwatan.com\/wp-content\/uploads\/2019\/05\/Mache-B%C3%A9ja%C3%AF32-e1557500296513.jpg\" alt=\"\" width=\"960\" height=\"554\" srcset=\"https:\/\/www.elwatan.com\/wp-content\/uploads\/2019\/05\/Mache-B\u00e9ja\u00ef32-e1557500296513.jpg 960w, https:\/\/www.elwatan.com\/wp-content\/uploads\/2019\/05\/Mache-B\u00e9ja\u00ef32-e1557500296513-300x173.jpg 300w, https:\/\/www.elwatan.com\/wp-content\/uploads\/2019\/05\/Mache-B\u00e9ja\u00ef32-e1557500296513-768x443.jpg 768w\" sizes=\"auto, (max-width: 960px) 100vw, 960px\"\/><\/p>\n<p><\/noscript><\/p>\n<p><span class=\"_5yl5\">A l\u2019heure o\u00f9 nous mettons en ligne, la manifestation se poursuit au rythme de la chanson d\u2019Oulahlou \u201d pouvoir assassin \u201c<\/span><\/p>\n<blockquote class=\"twitter-tweet\" data-width=\"550\" data-dnt=\"true\" readability=\"6.18367346939\">\n<p lang=\"fr\" dir=\"ltr\"><span class=\"fALkGzevUVCrEPKs4dqT2auFYg7t1JXM69jQyI\"><a href=\"https:\/\/twitter.com\/hashtag\/B%C3%A9jaia?src=hash&#038;ref_src=twsrc%5Etfw\">#B\u00e9jaia<\/a>, 12e vendredi :\u00a0\u00bb Nous marcherons jusqu&rsquo;\u00e0 la chute du pouvoir\u00a0\u00bb <a href=\"https:\/\/t.co\/91WcwfLM5s\">pic.twitter.com\/91WcwfLM5s<\/a><\/span><\/p>\n<p><span class=\"fALkGzevUVCrEPKs4dqT2auFYg7t1JXM69jQyI\">\u2014 Farouk Djouadi (@FaroukDjouadi) <a href=\"https:\/\/twitter.com\/FaroukDjouadi\/status\/1126854850124419072?ref_src=twsrc%5Etfw\">May 10, 2019<\/a><\/span><\/p>\n<\/blockquote>\n<div class=\"yuzo_related_post style-1\" data-version=\"5.12.88\">\n<p><h3>Related Post<\/h3>\n<\/p>\n<div class=\"yuzo_wraps\">\n<div class=\"relatedthumb relatedpost-150967 c10\"><a href=\"https:\/\/www.elwatan.com\/edition\/actualite\/cest-important-davoir-des-partis-maghrebins-a-la-fete-de-lhumanite-21-09-2018\"\/><\/p>\n<p><span class=\"yuzo__text--title c9\">C\u2019est important d\u2019avoir des partis maghr\u00e9bins \u00e0 la&#8230;<\/span><\/div>\n<div class=\"relatedthumb relatedpost-546769 c10\"><a href=\"https:\/\/www.elwatan.com\/regions\/centre\/alger\/a-partir-de-lundi-suspension-de-lalimentation-en-eau-potable-dans-plusieurs-quartiers-13-01-2019\"\/><\/p>\n<p><span class=\"yuzo__text--title c9\">\u00e0 partir de lundi : Suspension de l\u2019alimentation e&#8230;<\/span><\/div>\n<div class=\"relatedthumb relatedpost-382287 c10\"><a href=\"https:\/\/www.elwatan.com\/edition\/actualite\/on-vous-le-dit-2007-26-12-2018\"\/><\/p>\n<p><span class=\"yuzo__text--title c9\">On vous le dit<\/span><\/div>\n<div class=\"relatedthumb relatedpost-364596 c10\"><a href=\"https:\/\/www.elwatan.com\/edition\/international\/turquie-du-neuf-au-sein-de-la-direction-militaire-05-08-2011\"\/><\/p>\n<p><span class=\"yuzo__text--title c9\">Turquie : Du neuf au sein de la direction militair&#8230;<\/span><\/div>\n<\/div>\n<\/div>\n<p><span class=\"post-views-label\">Post Views:<\/span> <span class=\"post-views-count\">1\u00a0657<\/span><\/p>\n<p>Auteur: Mohand Yahiaoui<br \/>\n<a href=\"https:\/\/www.elwatan.com\/edition\/actualite\/12e-vendredi-bejaia-rejette-lelection-presidentielle-et-fustige-gaid-salah-10-05-2019\">Cliquez ici pour lire l&rsquo;article depuis sa source.<\/a><\/p>\n","protected":false},"excerpt":{"rendered":"<p>Des dizaines de milliers de personnes ont manifest\u00e9 aujourd\u2019hui, pour le 12e vendredi cons\u00e9cutif \u00e0 B\u00e9jaia. La foule, qui s\u2019est \u00e9branl\u00e9e de la maison de la culture vers 13h30, a scand\u00e9 des slogans hostiles au chef d\u2019\u00e9tat-major de l\u2019arm\u00e9e et au syst\u00e8me de mani\u00e8re g\u00e9n\u00e9rale : \u201cGaid Salah d\u00e9gage !\u201d, \u201d le peuple ne veut [&hellip;]<\/p>\n","protected":false},"author":1743,"featured_media":33511,"comment_status":"closed","ping_status":"closed","sticky":false,"template":"","format":"standard","meta":{"fifu_image_url":"","fifu_image_alt":"","footnotes":""},"categories":[73,53],"tags":[],"class_list":["post-33510","post","type-post","status-publish","format-standard","has-post-thumbnail","hentry","category-actualite","category-algerie"],"_links":{"self":[{"href":"https:\/\/linitiative.ca\/International\/wp-json\/wp\/v2\/posts\/33510","targetHints":{"allow":["GET"]}}],"collection":[{"href":"https:\/\/linitiative.ca\/International\/wp-json\/wp\/v2\/posts"}],"about":[{"href":"https:\/\/linitiative.ca\/International\/wp-json\/wp\/v2\/types\/post"}],"author":[{"embeddable":true,"href":"https:\/\/linitiative.ca\/International\/wp-json\/wp\/v2\/users\/1743"}],"replies":[{"embeddable":true,"href":"https:\/\/linitiative.ca\/International\/wp-json\/wp\/v2\/comments?post=33510"}],"version-history":[{"count":0,"href":"https:\/\/linitiative.ca\/International\/wp-json\/wp\/v2\/posts\/33510\/revisions"}],"wp:featuredmedia":[{"embeddable":true,"href":"https:\/\/linitiative.ca\/International\/wp-json\/"}],"wp:attachment":[{"href":"https:\/\/linitiative.ca\/International\/wp-json\/wp\/v2\/media?parent=33510"}],"wp:term":[{"taxonomy":"category","embeddable":true,"href":"https:\/\/linitiative.ca\/International\/wp-json\/wp\/v2\/categories?post=33510"},{"taxonomy":"post_tag","embeddable":true,"href":"https:\/\/linitiative.ca\/International\/wp-json\/wp\/v2\/tags?post=33510"}],"curies":[{"name":"wp","href":"https:\/\/api.w.org\/{rel}","templated":true}]}}