{"id":33512,"date":"2019-05-10T11:11:10","date_gmt":"2019-05-10T15:11:10","guid":{"rendered":"https:\/\/linitiative.ca\/International\/tlemcen-non-au-regime-militaire\/"},"modified":"2019-05-10T11:11:10","modified_gmt":"2019-05-10T15:11:10","slug":"tlemcen-non-au-regime-militaire","status":"publish","type":"post","link":"https:\/\/linitiative.ca\/International\/tlemcen-non-au-regime-militaire\/","title":{"rendered":"Tlemcen : \u00ab Non au r\u00e9gime militaire ! \u00bb"},"content":{"rendered":"<p>\u00ab\u00a0Nous sommes en col\u00e8re, mais \u00a0nous n\u2019avons pas peur\u00a0!\u00a0\u00bb scandaient les manifestants, toujours disciplin\u00e9s, mais d\u00e9termin\u00e9s \u00e0 ne pas l\u00e2cher prise face \u00e0 un pouvoir mafieux qui s\u2019obstine \u00e0 se maintenir co\u00fbte que co\u00fbte et par tous les moyens.<\/p>\n<p>Ni le je\u00fbne, ni la\u00a0 chaleur n\u2019ont eu raison des Tlemceniens, sortis aujourd\u2019hui, toujours aussi nombreux, pour exprimer comme chaque vendredi leur refus de ce r\u00e9gime mafieux. Et m\u00eame si le parcours a \u00e9t\u00e9 quelque peu r\u00e9tr\u00e9ci, la r\u00e9sistance de la population demeure tenace.<\/p>\n<p>La riposte populaire est cinglante \u00ab\u00a0Voleurs, vous avez vendu l\u2019Alg\u00e9rie. Partez tous\u00a0!\u00a0\u00bb \u00ab\u00a0Mafia, pas d\u2019\u00e9lection le 4 juillet, \u00a0on veut un gouvernement de transition\u00a0!\u00a0\u00bb\u00a0 Et de s\u2019adresser sans d\u00e9tour le chef d\u2019\u00e9tat major, vice-ministre de la d\u00e9fense, \u00ab\u00a0Non au r\u00e9gime militaire, Ga\u00efd d\u00e9gage\u00a0!\u00a0\u00bb \u00ab\u00a0Nous ne ferons pas marche arri\u00e8re, c\u2019est une affaire nationale\u00a0\u00bb.<\/p>\n<p>Et comme chaque vendredi, les marcheurs ont marqu\u00e9 un ton d\u2019arr\u00eat en face du si\u00e8ge de la wilaya, antre de l\u2019injustice, du client\u00e9lisme et du pouvoir mafieux,\u00a0 pour signifier au commis de l\u2019Etat, ma\u00eetre des lieux, leur col\u00e8re \u00ab\u00a0Wali d\u00e9gage\u00a0!\u00a0\u00bb<\/p>\n<p>La procession est retourn\u00e9e au point de d\u00e9part, la mythique placette, pour un d\u00e9bat public avant le ftour pr\u00e9vu sur les lieux.<\/p>\n<p>A Maghnia, m\u00eame ferveur, m\u00eame d\u00e9termination chez les manifestations, avec des revendications tout aussi expressifs \u00ab\u00a0Nous refusons la mafia au pouvoir, Voleurs, d\u00e9gagez\u00a0!\u00a0\u00bb, \u00ab\u00a0La force du peuple, c\u2019est son union\u00a0!\u00a0\u00bb.<\/p>\n<div class=\"yuzo_related_post style-1\" data-version=\"5.12.88\">\n<p><h3>Related Post<\/h3>\n<\/p>\n<div class=\"yuzo_wraps\">\n<div class=\"relatedthumb relatedpost-564534 c10\"><a href=\"https:\/\/www.elwatan.com\/edition\/culture\/malek-bensmail-le-pouvoir-algerien-a-peur-de-limage-18-03-2019\"\/><\/p>\n<p><span class=\"yuzo__text--title c9\">Malek Bensma\u00efl : \u00ab Le pouvoir alg\u00e9rien a peur de l&#8230;<\/span><\/div>\n<div class=\"relatedthumb relatedpost-337919 c10\"><a href=\"https:\/\/www.elwatan.com\/edition\/international\/le-president-obama-pret-a-des-compromis-avec-les-republicains-05-11-2010\"\/><\/p>\n<p><span class=\"yuzo__text--title c9\">Le pr\u00e9sident Obama pr\u00eat \u00e0 des compromis avec les R&#8230;<\/span><\/div>\n<div class=\"relatedthumb relatedpost-304869 c10\"><a href=\"https:\/\/www.elwatan.com\/pages-hebdo\/multimedia\/casting-star-ac-entre-celine-dion-et-fairouz-30-10-2009\"\/><\/p>\n<p><span class=\"yuzo__text--title c9\">Casting Star Ac\u2019 : entre C\u00e9line Dion et Fairouz<\/span><\/div>\n<div class=\"relatedthumb relatedpost-572108 c10\"><a href=\"https:\/\/www.elwatan.com\/regions\/ouest\/mostaganem\/mostaganem-la-protesta-continue-a-luniversite-23-04-2019\"\/><\/p>\n<p><span class=\"yuzo__text--title c9\">Mostaganem :\u00a0La protesta continue \u00e0 l\u2019universit\u00e9&#8230;<\/span><\/div>\n<\/div>\n<\/div>\n<p><span class=\"post-views-label\">Post Views:<\/span> <span class=\"post-views-count\">875<\/span><\/p>\n<p>Auteur: Mohand Yahiaoui<br \/>\n<a href=\"https:\/\/www.elwatan.com\/edition\/actualite\/tlemcen-non-au-regime-militaire-10-05-2019\">Cliquez ici pour lire l&rsquo;article depuis sa source.<\/a><\/p>\n","protected":false},"excerpt":{"rendered":"<p>\u00ab\u00a0Nous sommes en col\u00e8re, mais \u00a0nous n\u2019avons pas peur\u00a0!\u00a0\u00bb scandaient les manifestants, toujours disciplin\u00e9s, mais d\u00e9termin\u00e9s \u00e0 ne pas l\u00e2cher prise face \u00e0 un pouvoir mafieux qui s\u2019obstine \u00e0 se maintenir co\u00fbte que co\u00fbte et par tous les moyens. Ni le je\u00fbne, ni la\u00a0 chaleur n\u2019ont eu raison des Tlemceniens, sortis aujourd\u2019hui, toujours aussi nombreux, [&hellip;]<\/p>\n","protected":false},"author":1743,"featured_media":0,"comment_status":"closed","ping_status":"closed","sticky":false,"template":"","format":"standard","meta":{"fifu_image_url":"","fifu_image_alt":"","footnotes":""},"categories":[73,53],"tags":[],"class_list":["post-33512","post","type-post","status-publish","format-standard","hentry","category-actualite","category-algerie"],"_links":{"self":[{"href":"https:\/\/linitiative.ca\/International\/wp-json\/wp\/v2\/posts\/33512","targetHints":{"allow":["GET"]}}],"collection":[{"href":"https:\/\/linitiative.ca\/International\/wp-json\/wp\/v2\/posts"}],"about":[{"href":"https:\/\/linitiative.ca\/International\/wp-json\/wp\/v2\/types\/post"}],"author":[{"embeddable":true,"href":"https:\/\/linitiative.ca\/International\/wp-json\/wp\/v2\/users\/1743"}],"replies":[{"embeddable":true,"href":"https:\/\/linitiative.ca\/International\/wp-json\/wp\/v2\/comments?post=33512"}],"version-history":[{"count":0,"href":"https:\/\/linitiative.ca\/International\/wp-json\/wp\/v2\/posts\/33512\/revisions"}],"wp:attachment":[{"href":"https:\/\/linitiative.ca\/International\/wp-json\/wp\/v2\/media?parent=33512"}],"wp:term":[{"taxonomy":"category","embeddable":true,"href":"https:\/\/linitiative.ca\/International\/wp-json\/wp\/v2\/categories?post=33512"},{"taxonomy":"post_tag","embeddable":true,"href":"https:\/\/linitiative.ca\/International\/wp-json\/wp\/v2\/tags?post=33512"}],"curies":[{"name":"wp","href":"https:\/\/api.w.org\/{rel}","templated":true}]}}