{"id":33513,"date":"2019-05-10T12:30:31","date_gmt":"2019-05-10T16:30:31","guid":{"rendered":"https:\/\/linitiative.ca\/International\/12e-vendredi-de-protestation-a-sidi-bel-abbes-pas-delections-le-4-juillet-gaid-salah-degage-scandent-les-manifestants\/"},"modified":"2019-05-10T12:30:31","modified_gmt":"2019-05-10T16:30:31","slug":"12e-vendredi-de-protestation-a-sidi-bel-abbes-pas-delections-le-4-juillet-gaid-salah-degage-scandent-les-manifestants","status":"publish","type":"post","link":"https:\/\/linitiative.ca\/International\/12e-vendredi-de-protestation-a-sidi-bel-abbes-pas-delections-le-4-juillet-gaid-salah-degage-scandent-les-manifestants\/","title":{"rendered":"12e vendredi de protestation \u00e0 Sidi Bel Abb\u00e8s : \u00ab Pas d\u2019\u00e9lections le 4 juillet (\u2026) Gaid Salah d\u00e9gage \u00bb, scandent les manifestants"},"content":{"rendered":"<p class=\"gmail-MsoNoSpacing\"><strong>\u00a0<\/strong>En d\u00e9pit de la chaleur et des effets de l\u2019abstinence en ce jour de je\u00fbne, des milliers de\u00a0\u00a0manifestants ont encore battu le pav\u00e9, ce vendredi 10 mai, pour exiger le d\u00e9part de tous les symboles du pouvoir.<\/p>\n<p class=\"gmail-MsoNoSpacing\">Sous un soleil mordant, des manifestations de tous \u00e2ges ont d\u00e9fil\u00e9 \u00e0 travers plusieurs art\u00e8res du centre-ville arborant\u00a0\u00a0des pancartes sur lesquelles ont pouvait lire\u00a0:\u00a0<em>\u00ab\u00a0wallah mana habsine, koul djemaa machyine<\/em>\u00a0(Nous nous n\u2019arr\u00eaterons pas, nous marcherons tous les vendredis)\u00a0\u00bb,\u00a0<em>\u00ab\u00a0Le pouvoir a des probl\u00e8mes, le hirak a des solutions\u00a0\u00bb<\/em>,\u00a0<em>\u00ab\u00a0jich dialna, mais El Giad khana<\/em>(l\u2019arm\u00e9 est la notre, mais El Gaid nous a trahis)<em>\u00bb.<\/em><\/p>\n<p class=\"gmail-MsoNoSpacing\">En ce premier vendredi du mois de ramadhan,\u00a0\u00a0les manifestants ont ouvertement fustig\u00e9 l\u2019attitude du chef d\u2019\u00e9tat-major de l\u2019ANP, Ahmed Gaid Salah, et son obstination \u00e0\u00a0<em>\u00ab\u00a0maintenir\u00a0\u00bb<\/em>Abdelkader Bensalah et Nouredine Bedoui\u00a0\u00a0aux commandes de l\u2019Etat. Sur la mythique place du 1 e Novembre (ex-Carnot), les slogans hostiles aux symboles du r\u00e9gime Bouteflika\u00a0\u00a0ont commenc\u00e9 \u00e0 r\u00e9sonner \u00e0 partir de 14h, juste apr\u00e8s la pri\u00e8re du vendredi.<\/p>\n<p class=\"gmail-MsoNoSpacing\"><em>\u00ab\u00a0tetnahaw ga3\u00a0\u00bb<\/em>,\u00a0<em>\u00ab\u00a0Bensalah rayeh rayeh<\/em>\u00a0(tu partiras),\u00a0<em>prends avec toi Gaid Salah\u00a0\u00bb<\/em>,\u00a0<em>\u00ab\u00a0makanch intikhabat ya issabat<\/em>\u00a0( Il n\u2019y aura pas d\u2019\u00e9lections avec les clans fraudeurs)\u00a0<em>\u00bb<\/em>, ont scand\u00e9 des milliers de manifestants d\u00e9termin\u00e9s \u00e0 poursuivre la protesta jusqu\u2019au changement radicale du syst\u00e8me politique en place.<\/p>\n<p class=\"gmail-MsoNoSpacing\">Parmi eux, de jeunes activistes ont encore fait preuve d\u2019imagination en d\u00e9ployant un grand tifo sur une construction inachev\u00e9e donnant sur la principale place du centre-ville.<\/p>\n<p class=\"gmail-MsoNoSpacing\">Sur ce tifo, les animateurs du hirak au niveau local ont\u00a0mis en \u00e9vidence l\u2019importance de l\u2019union nationale, de l\u2019instauration d\u2019une d\u00e9mocratie r\u00e9elle port\u00e9e par une justice ind\u00e9pendante et une presse libre.<\/p>\n<p class=\"gmail-MsoNoSpacing\"><em>\u00ab\u00a0Fakhmatou le peuple is\u2026back, la d\u00e9mocratie est notre revendication\u00a0\u00bb<\/em>, ont-ils clairement transcrits sur ce tifo.<\/p>\n<div class=\"yuzo_related_post style-1\" data-version=\"5.12.88\">\n<p><h3>Related Post<\/h3>\n<\/p>\n<div class=\"yuzo_wraps\">\n<div class=\"relatedthumb relatedpost-161075 c10\"><a href=\"https:\/\/www.elwatan.com\/edition\/sports\/can-2019-une-5e-journee-decisive-16-11-2018\"\/><\/p>\n<p><span class=\"yuzo__text--title c9\">CAN-2019 : Une 5e journ\u00e9e d\u00e9cisive<\/span><\/div>\n<div class=\"relatedthumb relatedpost-384723 c10\"><a href=\"https:\/\/www.elwatan.com\/edition\/sports\/coupe-dalgerie-lirb-lakhdaria-elimine-la-js-saoura-28-12-2018\"\/><\/p>\n<p><span class=\"yuzo__text--title c9\">Coupe d\u2019Alg\u00e9rie\u00a0: l\u2019IRB Lakhdaria \u00e9limine la JS Sa&#8230;<\/span><\/div>\n<div class=\"relatedthumb relatedpost-568548 c10\"><a href=\"https:\/\/www.elwatan.com\/edition\/actualite\/des-elus-manifestent-a-tighennif-mascara-09-04-2019\"\/><\/p>\n<p><span class=\"yuzo__text--title c9\">Des \u00e9lus manifestent \u00e0 Tighennif (Mascara)<\/span><\/div>\n<div class=\"relatedthumb relatedpost-554754 c10\"><a href=\"https:\/\/www.elwatan.com\/regions\/centre\/alger\/organisee-par-la-sda-de-belouizdad-une-campagne-de-sensibilisation-sur-le-monoxyde-de-carbone-23-01-2019\"\/><\/p>\n<p><span class=\"yuzo__text--title c9\">Organis\u00e9e par la SDA de Belouizdad : Une campagne&#8230;<\/span><\/div>\n<\/div>\n<\/div>\n<p><span class=\"post-views-label\">Post Views:<\/span> <span class=\"post-views-count\">713<\/span><\/p>\n<p>Auteur: Mohand Yahiaoui<br \/>\n<a href=\"https:\/\/www.elwatan.com\/edition\/actualite\/12e-vendredi-de-protestation-a-sidi-bel-abbes-pas-delections-le-4-juillet-gaid-salah-degage-scandent-les-manifestants-10-05-2019\">Cliquez ici pour lire l&rsquo;article depuis sa source.<\/a><\/p>\n","protected":false},"excerpt":{"rendered":"<p>\u00a0En d\u00e9pit de la chaleur et des effets de l\u2019abstinence en ce jour de je\u00fbne, des milliers de\u00a0\u00a0manifestants ont encore battu le pav\u00e9, ce vendredi 10 mai, pour exiger le d\u00e9part de tous les symboles du pouvoir. Sous un soleil mordant, des manifestations de tous \u00e2ges ont d\u00e9fil\u00e9 \u00e0 travers plusieurs art\u00e8res du centre-ville arborant\u00a0\u00a0des [&hellip;]<\/p>\n","protected":false},"author":1743,"featured_media":0,"comment_status":"closed","ping_status":"closed","sticky":false,"template":"","format":"standard","meta":{"fifu_image_url":"","fifu_image_alt":"","footnotes":""},"categories":[73,53],"tags":[],"class_list":["post-33513","post","type-post","status-publish","format-standard","hentry","category-actualite","category-algerie"],"_links":{"self":[{"href":"https:\/\/linitiative.ca\/International\/wp-json\/wp\/v2\/posts\/33513","targetHints":{"allow":["GET"]}}],"collection":[{"href":"https:\/\/linitiative.ca\/International\/wp-json\/wp\/v2\/posts"}],"about":[{"href":"https:\/\/linitiative.ca\/International\/wp-json\/wp\/v2\/types\/post"}],"author":[{"embeddable":true,"href":"https:\/\/linitiative.ca\/International\/wp-json\/wp\/v2\/users\/1743"}],"replies":[{"embeddable":true,"href":"https:\/\/linitiative.ca\/International\/wp-json\/wp\/v2\/comments?post=33513"}],"version-history":[{"count":0,"href":"https:\/\/linitiative.ca\/International\/wp-json\/wp\/v2\/posts\/33513\/revisions"}],"wp:attachment":[{"href":"https:\/\/linitiative.ca\/International\/wp-json\/wp\/v2\/media?parent=33513"}],"wp:term":[{"taxonomy":"category","embeddable":true,"href":"https:\/\/linitiative.ca\/International\/wp-json\/wp\/v2\/categories?post=33513"},{"taxonomy":"post_tag","embeddable":true,"href":"https:\/\/linitiative.ca\/International\/wp-json\/wp\/v2\/tags?post=33513"}],"curies":[{"name":"wp","href":"https:\/\/api.w.org\/{rel}","templated":true}]}}