{"id":33514,"date":"2019-05-10T12:32:52","date_gmt":"2019-05-10T16:32:52","guid":{"rendered":"https:\/\/linitiative.ca\/International\/les-algeriens-repondent-a-gaid-salah-nous-voulons-un-etat-civil-et-non-militaire\/"},"modified":"2019-05-10T12:32:52","modified_gmt":"2019-05-10T16:32:52","slug":"les-algeriens-repondent-a-gaid-salah-nous-voulons-un-etat-civil-et-non-militaire","status":"publish","type":"post","link":"https:\/\/linitiative.ca\/International\/les-algeriens-repondent-a-gaid-salah-nous-voulons-un-etat-civil-et-non-militaire\/","title":{"rendered":"Les Alg\u00e9riens r\u00e9pondent \u00e0 Ga\u00efd Salah : \u00ab Nous voulons un Etat civil et non militaire \u00bb"},"content":{"rendered":"<p>\u00ab\u00a0Daoula madania, machi 3askaria (Etat civil et non pas militaire)\u00a0\u00bb, \u00ab\u00a0Djamhouria, machi caserna (Une r\u00e9publique et non pas une caserne\u00a0\u00bb et \u00ab\u00a0Ga\u00efd Salah d\u00e9gage\u00a0!\u00a0\u00bb\u2026Le mouvement populaire d\u00e9masque et d\u00e9nonce la tentation autoritaire des tenants du pouvoir, \u00e0 leur t\u00eate le chef d\u2019Etat-major de l\u2019ANP, Ahmed Ga\u00efd Salah.<\/p>\n<p>Le glissement vers un r\u00e9gime militaire qui s\u2019op\u00e8re, depuis quelques semaines, n\u2019a pas laiss\u00e9 indiff\u00e9rents les Alg\u00e9riens. En d\u00e9pit de la chaleur qui s\u2019abattait sur Alger en cette journ\u00e9e ramadanesque, les manifestants se sont mobilis\u00e9s massivement pour organiser, en ce 12<sup>e<\/sup>\u00a0vendredi de manifestation, l\u2019une des meilleures marches, de l\u2019avis de tous les observateurs.<\/p>\n<p>En effet, la foule impressionnante des manifestants s\u2019est montr\u00e9 d\u2019une maturit\u00e9 politique impressionnante. Apr\u00e8s avoir d\u00e9jou\u00e9 toutes les tentatives de division, les Alg\u00e9riens se montrent conscients de l\u2019existence d\u2019une volont\u00e9 de reproduire le sc\u00e9nario \u00e9gyptien en Alg\u00e9riens.<\/p>\n<p>\u00ab\u00a0Qulna Majlis Tassissi, matchi majlis ta Sissi (nous voulons une constitution et non pas un r\u00e9gime de Sissi)\u00a0\u00bb, lit-on sur une pancarte brandie par des manifestants au niveau de la Grande Poste. Tout en r\u00e9clamant le d\u00e9part de Ga\u00efd Salah, les protestataires r\u00e9it\u00e8rent aussi leur exigence du d\u00e9part du chef de l\u2019Etat, Abdelkader Bensalah et du gouvernement de Norreddine Bedoui.<\/p>\n<p>Ils s\u2019opposent \u00e9galement au rendez-vous \u00e9lectoral que les tenants du pouvoir s\u2019\u00e9chinent \u00e0 pr\u00e9parer. \u00ab Pas d\u2019\u00e9lection, esp\u00e8ce de bandes \u00bb, lancent aussi le mouvement qui exprime ainsi son rejet de la pr\u00e9sidentielle du 4 juillet prochain, annonc\u00e9 par Bensalah et d\u00e9fendu mordicus par Ahmed Ga\u00efd Salah.<\/p>\n<div class=\"yuzo_related_post style-1\" data-version=\"5.12.88\">\n<p><h3>Related Post<\/h3>\n<\/p>\n<div class=\"yuzo_wraps\">\n<div class=\"relatedthumb relatedpost-499268 c10\"><a href=\"https:\/\/www.elwatan.com\/regions\/sud\/actu-sud\/bordj-omar-driss-ouverture-prochaine-dune-cellule-de-proximite-de-la-das-2-15-12-2015\"\/><\/p>\n<p><span class=\"yuzo__text--title c9\">Bordj Omar Driss : Ouverture prochaine d\u2019une cellu&#8230;<\/span><\/div>\n<div class=\"relatedthumb relatedpost-554878 c10\"><a href=\"https:\/\/www.elwatan.com\/edition\/actualite\/debut-de-la-revision-exceptionnelle-des-listes-electorales-24-01-2019\"\/><\/p>\n<p><span class=\"yuzo__text--title c9\">D\u00e9but de la r\u00e9vision exceptionnelle des listes \u00e9le&#8230;<\/span><\/div>\n<div class=\"relatedthumb relatedpost-565915 c10\"><a href=\"https:\/\/www.elwatan.com\/edition\/sports\/athletisme-un-coureur-algerien-controle-positif-26-03-2019\"\/><\/p>\n<p><span class=\"yuzo__text--title c9\">Athl\u00e9tisme :\u00a0Un coureur alg\u00e9rien contr\u00f4l\u00e9 positif&#8230;<\/span><\/div>\n<div class=\"relatedthumb relatedpost-557842 c10\"><a href=\"https:\/\/www.elwatan.com\/edition\/actualite\/la-presse-mondiale-critique-le-maintien-du-statu-quo-12-02-2019\"\/><\/p>\n<p><span class=\"yuzo__text--title c9\">La presse mondiale critique le maintien du statu q&#8230;<\/span><\/div>\n<\/div>\n<\/div>\n<p><span class=\"post-views-label\">Post Views:<\/span> <span class=\"post-views-count\">12\u00a0970<\/span><\/p>\n<p>Auteur: Mohand Yahiaoui<br \/>\n<a href=\"https:\/\/www.elwatan.com\/edition\/actualite\/les-algeriens-repondent-a-gaid-salah-nous-voulons-un-etat-civil-et-non-militaire-10-05-2019\">Cliquez ici pour lire l&rsquo;article depuis sa source.<\/a><\/p>\n","protected":false},"excerpt":{"rendered":"<p>\u00ab\u00a0Daoula madania, machi 3askaria (Etat civil et non pas militaire)\u00a0\u00bb, \u00ab\u00a0Djamhouria, machi caserna (Une r\u00e9publique et non pas une caserne\u00a0\u00bb et \u00ab\u00a0Ga\u00efd Salah d\u00e9gage\u00a0!\u00a0\u00bb\u2026Le mouvement populaire d\u00e9masque et d\u00e9nonce la tentation autoritaire des tenants du pouvoir, \u00e0 leur t\u00eate le chef d\u2019Etat-major de l\u2019ANP, Ahmed Ga\u00efd Salah. Le glissement vers un r\u00e9gime militaire qui s\u2019op\u00e8re, [&hellip;]<\/p>\n","protected":false},"author":1743,"featured_media":0,"comment_status":"closed","ping_status":"closed","sticky":false,"template":"","format":"standard","meta":{"fifu_image_url":"","fifu_image_alt":"","footnotes":""},"categories":[73,53],"tags":[],"class_list":["post-33514","post","type-post","status-publish","format-standard","hentry","category-actualite","category-algerie"],"_links":{"self":[{"href":"https:\/\/linitiative.ca\/International\/wp-json\/wp\/v2\/posts\/33514","targetHints":{"allow":["GET"]}}],"collection":[{"href":"https:\/\/linitiative.ca\/International\/wp-json\/wp\/v2\/posts"}],"about":[{"href":"https:\/\/linitiative.ca\/International\/wp-json\/wp\/v2\/types\/post"}],"author":[{"embeddable":true,"href":"https:\/\/linitiative.ca\/International\/wp-json\/wp\/v2\/users\/1743"}],"replies":[{"embeddable":true,"href":"https:\/\/linitiative.ca\/International\/wp-json\/wp\/v2\/comments?post=33514"}],"version-history":[{"count":0,"href":"https:\/\/linitiative.ca\/International\/wp-json\/wp\/v2\/posts\/33514\/revisions"}],"wp:attachment":[{"href":"https:\/\/linitiative.ca\/International\/wp-json\/wp\/v2\/media?parent=33514"}],"wp:term":[{"taxonomy":"category","embeddable":true,"href":"https:\/\/linitiative.ca\/International\/wp-json\/wp\/v2\/categories?post=33514"},{"taxonomy":"post_tag","embeddable":true,"href":"https:\/\/linitiative.ca\/International\/wp-json\/wp\/v2\/tags?post=33514"}],"curies":[{"name":"wp","href":"https:\/\/api.w.org\/{rel}","templated":true}]}}