{"id":33515,"date":"2019-05-10T16:21:03","date_gmt":"2019-05-10T20:21:03","guid":{"rendered":"https:\/\/linitiative.ca\/International\/tipasa-le-rejet-des-symboles-du-systeme-reitere-par-les-manifestants\/"},"modified":"2019-05-10T16:21:03","modified_gmt":"2019-05-10T20:21:03","slug":"tipasa-le-rejet-des-symboles-du-systeme-reitere-par-les-manifestants","status":"publish","type":"post","link":"https:\/\/linitiative.ca\/International\/tipasa-le-rejet-des-symboles-du-systeme-reitere-par-les-manifestants\/","title":{"rendered":"Tipasa : Le rejet des symboles du syst\u00e8me r\u00e9it\u00e9r\u00e9 par les manifestants"},"content":{"rendered":"<p>La forte chaleur de ce vendredi et le je\u00fbne n\u2019ont pas emp\u00each\u00e9 les femmes, les hommes et les jeunes de battre le pav\u00e9, pour scander leur refus et le rejet du syst\u00e8me et de ses symboles.<\/p>\n<p>Des pancartes brandies par des manifestants o\u00f9 l\u2019on pouvait lire\u00a0; <em>\u00ab\u00a0le peuple attend l\u2019application des articles 07 et 08 de la Constitution\u00a0\u00bb<\/em>\u00a0; <em>\u00ab\u00a0Ech\u00e2ab fayek machi djayeh\u00a0\u00bb<\/em>\u00a0; <em>\u00ab\u00a0ech\u00e2ab houwa el gaid\u00a0\u00bb<\/em>\u00a0; <em>\u00ab\u00a0klitou lebled ya errakine\u00a0\u00bb, \u00ab\u00a0essamet fi essilmiya yaghleb lakbih fil mouradia\u00a0\u00bb\u00a0; \u00ab\u00a0ya el-Gaid \u00e0 quoi tu joues\u00a0\u00bb\u00a0;\u00a0\u00bbsyst\u00e8me d\u00e9gage\u00a0\u00bb\u00a0; \u00ab\u00a0sa\u00efmoune, samidoune, lil intikhabate rafidoune\u00a0\u00bb\u00a0; luttons main dans la main contre l\u2019ennemi commun\u00a0\u00bb.\u00a0<\/em>L\u2019embl\u00e8me national flottait au milieu de la mar\u00e9e humaine.<\/p>\n<p>Certes, il y avait l\u00e9g\u00e8rement moins de monde que d\u2019habitude selon les t\u00e9moignages recueillis aupr\u00e8s des citoyens qui participaient aux manifestations, au niveau des localit\u00e9s de Gouraya, Hadjout, Tipasa, Cherchell.<\/p>\n<p>Les citoyens scandaient le long de la procession leur rrejet des symboles du syst\u00e8me et de l\u2019\u00e9lection pr\u00e9sidentielle du 04 juillet. La d\u00e9termination des populations des localit\u00e9s de la wilaya de Tipasa n\u2019a pas faibli.<\/p>\n<p>Quelques citoyens habitu\u00e9s \u00e0 \u00ab\u00a0vendredire\u00a0\u00bb n\u2019ont pas pu assister en raison de certains emp\u00eachements li\u00e9s au Ramadhan et aux obligations exceptionnelles durant le mois de Ramadhan.<\/p>\n<p>Souriants, des manifestants en compagnie de leurs enfants avaient pr\u00e9f\u00e9r\u00e9 prendre les raccourcis pour demeurer au milieu de la foule sous un soleil de plomb. Les organisateurs affichaient leur satisfaction.<\/p>\n<p><strong>\u00a0<\/strong><\/p>\n<div class=\"yuzo_related_post style-1\" data-version=\"5.12.88\">\n<p><h3>Related Post<\/h3>\n<\/p>\n<div class=\"yuzo_wraps\">\n<div class=\"relatedthumb relatedpost-563797 c10\"><a href=\"https:\/\/www.elwatan.com\/edition\/contributions\/le-changement-cest-maintenant-3-14-03-2019\"\/><\/p>\n<p><span class=\"yuzo__text--title c9\">Le changement, c\u2019est maintenant<\/span><\/div>\n<div class=\"relatedthumb relatedpost-218167 c10\"><a href=\"https:\/\/www.elwatan.com\/regions\/kabylie\/bejaia\/education-inclusive-18-enfants-autistes-scolarises-02-12-2018\"\/><\/p>\n<p><span class=\"yuzo__text--title c9\">Education inclusive : 18 enfants autistes scolaris&#8230;<\/span><\/div>\n<div class=\"relatedthumb relatedpost-559567 c10\"><a href=\"https:\/\/www.elwatan.com\/edition\/international\/armement-le-congres-accuse-trump-de-vouloir-doter-larabie-saoudite-dune-bombe-nucleaire-21-02-2019\"\/><\/p>\n<p><span class=\"yuzo__text--title c9\">Armement :\u00a0Le Congr\u00e8s accuse Trump de vouloir dote&#8230;<\/span><\/div>\n<div class=\"relatedthumb relatedpost-149584 c10\"><a href=\"https:\/\/www.elwatan.com\/edition\/culture\/rachid-taha-a-ete-enterre-hier-a-zahana-lattachant-troubadour-15-09-2018\"\/><\/p>\n<p><span class=\"yuzo__text--title c9\">Rachid Taha a \u00e9t\u00e9 enterr\u00e9 hier \u00e0 Zahana : L\u2019attach&#8230;<\/span><\/div>\n<\/div>\n<\/div>\n<p><span class=\"post-views-label\">Post Views:<\/span> <span class=\"post-views-count\">0<\/span><\/p>\n<p>Auteur: Mohand Yahiaoui<br \/>\n<a href=\"https:\/\/www.elwatan.com\/edition\/actualite\/tipasa-le-rejet-des-symboles-du-systeme-reitere-par-les-manifestants-10-05-2019\">Cliquez ici pour lire l&rsquo;article depuis sa source.<\/a><\/p>\n","protected":false},"excerpt":{"rendered":"<p>La forte chaleur de ce vendredi et le je\u00fbne n\u2019ont pas emp\u00each\u00e9 les femmes, les hommes et les jeunes de battre le pav\u00e9, pour scander leur refus et le rejet du syst\u00e8me et de ses symboles. Des pancartes brandies par des manifestants o\u00f9 l\u2019on pouvait lire\u00a0; \u00ab\u00a0le peuple attend l\u2019application des articles 07 et 08 [&hellip;]<\/p>\n","protected":false},"author":1743,"featured_media":0,"comment_status":"closed","ping_status":"closed","sticky":false,"template":"","format":"standard","meta":{"fifu_image_url":"","fifu_image_alt":"","footnotes":""},"categories":[73,53],"tags":[],"class_list":["post-33515","post","type-post","status-publish","format-standard","hentry","category-actualite","category-algerie"],"_links":{"self":[{"href":"https:\/\/linitiative.ca\/International\/wp-json\/wp\/v2\/posts\/33515","targetHints":{"allow":["GET"]}}],"collection":[{"href":"https:\/\/linitiative.ca\/International\/wp-json\/wp\/v2\/posts"}],"about":[{"href":"https:\/\/linitiative.ca\/International\/wp-json\/wp\/v2\/types\/post"}],"author":[{"embeddable":true,"href":"https:\/\/linitiative.ca\/International\/wp-json\/wp\/v2\/users\/1743"}],"replies":[{"embeddable":true,"href":"https:\/\/linitiative.ca\/International\/wp-json\/wp\/v2\/comments?post=33515"}],"version-history":[{"count":0,"href":"https:\/\/linitiative.ca\/International\/wp-json\/wp\/v2\/posts\/33515\/revisions"}],"wp:attachment":[{"href":"https:\/\/linitiative.ca\/International\/wp-json\/wp\/v2\/media?parent=33515"}],"wp:term":[{"taxonomy":"category","embeddable":true,"href":"https:\/\/linitiative.ca\/International\/wp-json\/wp\/v2\/categories?post=33515"},{"taxonomy":"post_tag","embeddable":true,"href":"https:\/\/linitiative.ca\/International\/wp-json\/wp\/v2\/tags?post=33515"}],"curies":[{"name":"wp","href":"https:\/\/api.w.org\/{rel}","templated":true}]}}