{"id":33520,"date":"2019-05-10T09:50:00","date_gmt":"2019-05-10T13:50:00","guid":{"rendered":"https:\/\/linitiative.ca\/International\/les-bonnes-idees-de-naji-jalloul\/"},"modified":"2019-05-10T09:50:00","modified_gmt":"2019-05-10T13:50:00","slug":"les-bonnes-idees-de-naji-jalloul","status":"publish","type":"post","link":"https:\/\/linitiative.ca\/International\/les-bonnes-idees-de-naji-jalloul\/","title":{"rendered":"Les \u00abbonnes id\u00e9es\u00bb de Naji Jalloul"},"content":{"rendered":"<p class=\"MsoNormal c3\"><span class=\"c2\" times=\"\" new=\"\">Ce qui est bien avec N\u00e9ji Jalloul, c\u2019est qu\u2019il n\u2019est jamais \u00e0 court d\u2019id\u00e9es y compris les plus\u00a0 saugrenues. Il l\u2019a d\u00e9montr\u00e9 lors de son passage au minist\u00e8re de l\u2019Education nationale et m\u00eame \u00e0 l&rsquo;ITES. Confirmant sa r\u00e9putation d&rsquo;agitateur d&rsquo;id\u00e9es, il vient de nous sortir de son chapeau, un projet dont la paternit\u00e9 revient \u00e0 Jules Verne\u00a0: le raccordement de Chott El J\u00e9rid \u00e0 la mer, un projet de la dimension du canal de Suez qui a fait r\u00eaver des g\u00e9n\u00e9rations de Tunisiens. Jalloul sera-t-il l\u2019homme qui r\u00e9alisera ce r\u00eave\u00a0? En tout cas, il nous l&rsquo;a promis si les Tunisiens faisaient le bon choix, autrement dit, le porter \u00e0 la magistrature supr\u00eame aux prochaines \u00e9lections pr\u00e9sidentielles. Sauf que les Fran\u00e7ais s\u2019y sont essay\u00e9 sous le protectorat apr\u00e8s s\u2019\u00eatre heurt\u00e9s \u00e0 des obstacles du fait que le chott est situ\u00e9 bien au dessus du niveau de la mer, ce qui n\u00e9cessitait l\u00b4installation d&rsquo;\u00e9cluses, et l&rsquo;usage de pompes inoxydables \u00e0 usage marin d&rsquo;o\u00f9 le co\u00fbt exorbitant de l&rsquo;op\u00e9ration qui avait fait reculer les Fran\u00e7ais. Au lendemain de l&rsquo;ind\u00e9pendance, le gouvernement\u00a0 a charg\u00e9 une commission d&rsquo;\u00e9tudier la faisabilit\u00e9 deu projet. Mais, l&rsquo;id\u00e9e a \u00e9t\u00e9 tr\u00e8s vite \u00e9cart\u00e9e pour des raisons strat\u00e9giques. Elle couperait le pays en deux.<\/span><\/p>\n<p class=\"MsoNormal c3\"><span class=\"c2\" times=\"\" new=\"\">Dans les ann\u00e9es 80, une commission tuniso-alg\u00e9rienne a d\u00e9terr\u00e9 le projet. Les Alg\u00e9riens cherchant \u00e0 d\u00e9senclaver le sud-est de leur pays\u00a0 en raccordant les chotts alg\u00e9riens avec les chott Gharsa el J\u00e9rid, mais les dicussions n&rsquo;ont pas eu de suite d&rsquo;autant plus que les risques \u00e9cologiques comme l&rsquo;augmentation du taux de salinit\u00e9 de la nappe phr\u00e9atique dans les palmeraies des deux pays \u00e9taient trop \u00e9lev\u00e9s. \u00a0 \u00a0<\/span><\/p>\n<p class=\"MsoNormal c3\"><span class=\"c2\" times=\"\" new=\"\"><span class=\"c5\">\u00a0<\/span><\/span><\/p>\n<p>Auteur:<br \/>\n<a href=\"https:\/\/www.leaders.com.tn\/article\/27088-les-bonnes-idees-de-naji-jalloul\">Cliquez ici pour lire l&rsquo;article depuis sa source.<\/a><\/p>\n","protected":false},"excerpt":{"rendered":"<p>Ce qui est bien avec N\u00e9ji Jalloul, c\u2019est qu\u2019il n\u2019est jamais \u00e0 court d\u2019id\u00e9es y compris les plus\u00a0 saugrenues. Il l\u2019a d\u00e9montr\u00e9 lors de son passage au minist\u00e8re de l\u2019Education nationale et m\u00eame \u00e0 l&rsquo;ITES. Confirmant sa r\u00e9putation d&rsquo;agitateur d&rsquo;id\u00e9es, il vient de nous sortir de son chapeau, un projet dont la paternit\u00e9 revient \u00e0 [&hellip;]<\/p>\n","protected":false},"author":1772,"featured_media":0,"comment_status":"closed","ping_status":"closed","sticky":false,"template":"","format":"standard","meta":{"fifu_image_url":"","fifu_image_alt":"","footnotes":""},"categories":[73,55],"tags":[],"class_list":["post-33520","post","type-post","status-publish","format-standard","hentry","category-actualite","category-tunisie"],"_links":{"self":[{"href":"https:\/\/linitiative.ca\/International\/wp-json\/wp\/v2\/posts\/33520","targetHints":{"allow":["GET"]}}],"collection":[{"href":"https:\/\/linitiative.ca\/International\/wp-json\/wp\/v2\/posts"}],"about":[{"href":"https:\/\/linitiative.ca\/International\/wp-json\/wp\/v2\/types\/post"}],"author":[{"embeddable":true,"href":"https:\/\/linitiative.ca\/International\/wp-json\/wp\/v2\/users\/1772"}],"replies":[{"embeddable":true,"href":"https:\/\/linitiative.ca\/International\/wp-json\/wp\/v2\/comments?post=33520"}],"version-history":[{"count":0,"href":"https:\/\/linitiative.ca\/International\/wp-json\/wp\/v2\/posts\/33520\/revisions"}],"wp:attachment":[{"href":"https:\/\/linitiative.ca\/International\/wp-json\/wp\/v2\/media?parent=33520"}],"wp:term":[{"taxonomy":"category","embeddable":true,"href":"https:\/\/linitiative.ca\/International\/wp-json\/wp\/v2\/categories?post=33520"},{"taxonomy":"post_tag","embeddable":true,"href":"https:\/\/linitiative.ca\/International\/wp-json\/wp\/v2\/tags?post=33520"}],"curies":[{"name":"wp","href":"https:\/\/api.w.org\/{rel}","templated":true}]}}