{"id":33521,"date":"2019-05-10T10:00:00","date_gmt":"2019-05-10T14:00:00","guid":{"rendered":"https:\/\/linitiative.ca\/International\/les-potieres-de-sejnane-un-savoir-faire-seculaire-et-une-distinction-bien-meritee\/"},"modified":"2019-05-10T10:00:00","modified_gmt":"2019-05-10T14:00:00","slug":"les-potieres-de-sejnane-un-savoir-faire-seculaire-et-une-distinction-bien-meritee","status":"publish","type":"post","link":"https:\/\/linitiative.ca\/International\/les-potieres-de-sejnane-un-savoir-faire-seculaire-et-une-distinction-bien-meritee\/","title":{"rendered":"Les poti\u00e8res de Sejnane : un savoir-faire s\u00e9culaire  et une distinction  bien m\u00e9rit\u00e9e"},"content":{"rendered":"<p>r la coLeur savoir-faire est d\u00e9sormais inscrit par l\u2019Unesco sur la liste repr\u00e9sentative du patrimoine culturel immat\u00e9riel de l\u2019Humanit\u00e9. Ces poti\u00e8res de Sejnane, dans le gouvernorat de Bizerte, ont offert \u00e0 la Tunisie une grande premi\u00e8re. L\u2019Unesco c\u00e9l\u00e8bre ainsi \u00abune tradition vivante profond\u00e9ment ancr\u00e9e dans la vie de la communaut\u00e9 et per\u00e7ue comme un \u00e9l\u00e9ment de l\u2019identit\u00e9 locale\u00bb et consid\u00e8re que\u00a0 \u00abl\u2019inscription de cet \u00e9l\u00e9ment permettrait de souligner le lien \u00e9troit existant entre le d\u00e9veloppement durable et l\u2019identit\u00e9 culturelle\u00bb. \u00abUne distinction \u00e0 la fois de leur savoir-faire, leur doigt\u00e9 et leur intelligence mais \u00e9galement le leadership f\u00e9minin et sa contribution \u00e0 fabriquer du beau\u00bb, comme le soulignera l\u2019ambassadeur Ghazi Gherairi. Portraits.<\/p>\n<div id=\"gallery-858\" class=\"royalSlider rsDefault\"><a class=\"rsImg bugaga\" data-rsbigimg=\"\/uploads\/media\/original\/15573229443_media.jpg\" href=\"\/uploads\/media\/original\/15573229443_media.jpg\"><br \/><img decoding=\"async\" class=\"rsTmb\" src=\"\/uploads\/media\/thumbnails_medium\/15573229443_media.jpg\"\/><\/a> <a class=\"rsImg bugaga\" data-rsbigimg=\"\/uploads\/media\/original\/155732294223_media.jpg\" href=\"\/uploads\/media\/original\/155732294223_media.jpg\"><br \/><img decoding=\"async\" class=\"rsTmb\" src=\"\/uploads\/media\/thumbnails_medium\/155732294223_media.jpg\"\/><\/a> <a class=\"rsImg bugaga\" data-rsbigimg=\"\/uploads\/media\/original\/155732294147_media.jpg\" href=\"\/uploads\/media\/original\/155732294147_media.jpg\"><br \/><img decoding=\"async\" class=\"rsTmb\" src=\"\/uploads\/media\/thumbnails_medium\/155732294147_media.jpg\"\/><\/a> <a class=\"rsImg bugaga\" data-rsbigimg=\"\/uploads\/media\/original\/155732293319_media.jpg\" href=\"\/uploads\/media\/original\/155732293319_media.jpg\"><br \/><img decoding=\"async\" class=\"rsTmb\" src=\"\/uploads\/media\/thumbnails_medium\/155732293319_media.jpg\"\/><\/a> <a class=\"rsImg bugaga\" data-rsbigimg=\"\/uploads\/media\/original\/1557322936100_media.jpg\" href=\"\/uploads\/media\/original\/1557322936100_media.jpg\"><br \/><img decoding=\"async\" class=\"rsTmb\" src=\"\/uploads\/media\/thumbnails_medium\/1557322936100_media.jpg\"\/><\/a> <a class=\"rsImg bugaga\" data-rsbigimg=\"\/uploads\/media\/original\/155732293944_media.jpg\" href=\"\/uploads\/media\/original\/155732293944_media.jpg\"><br \/><img decoding=\"async\" class=\"rsTmb\" src=\"\/uploads\/media\/thumbnails_medium\/155732293944_media.jpg\"\/><\/a><\/div>\n<p class=\"c3\"><strong>Lire aussi:<\/strong><\/p>\n<p class=\"c3\"><a href=\"https:\/\/www.leaders.com.tn\/article\/21987-la-poterie-de-sejnane-vers-la-liste-du-patrimoine-culturel-immateriel-de-l-unesco\" target=\"_blank\" rel=\"noopener noreferrer\">La poterie de Sejnane vers la liste du patrimoine culturel immat\u00e9riel de l\u2019UNESCO<\/a><br \/><a href=\"https:\/\/www.leaders.com.tn\/article\/26023-inscription-des-savoir-faire-lies-a-la-poterie-des-femmes-de-sejnane-sur-la-liste-representative-du-patrimoine-culturel-immateriel-de-l-humanite\" target=\"_blank\" rel=\"noopener noreferrer\">Le savoir-faire des femmes de Sejnane inscrit par l\u2019Unesco sur la liste repr\u00e9sentative du patrimoine culturel immat\u00e9riel de l\u2019Humanit\u00e9 (Vid\u00e9o)<\/a><\/p>\n<p class=\"c2\"><strong><a href=\"https:\/\/www.leaders.com.tn\/le_mensuel_abonnez_vous\" target=\"_blank\" rel=\"noopener noreferrer\"><img loading=\"lazy\" decoding=\"async\" src=\"\/uploads\/FCK_files\/Bandeau-Leaders-1-copie(18).jpg\" alt=\"\" width=\"500\" vspace=\"5\" hspace=\"5\" height=\"128\" align=\"middle\"\/><\/a><\/strong><\/p>\n<p>Auteur:<br \/>\n<a href=\"https:\/\/www.leaders.com.tn\/article\/27073-les-potieres-de-sejnane-un-savoir-faire-seculaire-et-une-distinction-bien-meritee\">Cliquez ici pour lire l&rsquo;article depuis sa source.<\/a><\/p>\n","protected":false},"excerpt":{"rendered":"<p>r la coLeur savoir-faire est d\u00e9sormais inscrit par l\u2019Unesco sur la liste repr\u00e9sentative du patrimoine culturel immat\u00e9riel de l\u2019Humanit\u00e9. Ces poti\u00e8res de Sejnane, dans le gouvernorat de Bizerte, ont offert \u00e0 la Tunisie une grande premi\u00e8re. L\u2019Unesco c\u00e9l\u00e8bre ainsi \u00abune tradition vivante profond\u00e9ment ancr\u00e9e dans la vie de la communaut\u00e9 et per\u00e7ue comme un \u00e9l\u00e9ment [&hellip;]<\/p>\n","protected":false},"author":1772,"featured_media":33522,"comment_status":"closed","ping_status":"closed","sticky":false,"template":"","format":"standard","meta":{"fifu_image_url":"","fifu_image_alt":"","footnotes":""},"categories":[73,55],"tags":[],"class_list":["post-33521","post","type-post","status-publish","format-standard","has-post-thumbnail","hentry","category-actualite","category-tunisie"],"_links":{"self":[{"href":"https:\/\/linitiative.ca\/International\/wp-json\/wp\/v2\/posts\/33521","targetHints":{"allow":["GET"]}}],"collection":[{"href":"https:\/\/linitiative.ca\/International\/wp-json\/wp\/v2\/posts"}],"about":[{"href":"https:\/\/linitiative.ca\/International\/wp-json\/wp\/v2\/types\/post"}],"author":[{"embeddable":true,"href":"https:\/\/linitiative.ca\/International\/wp-json\/wp\/v2\/users\/1772"}],"replies":[{"embeddable":true,"href":"https:\/\/linitiative.ca\/International\/wp-json\/wp\/v2\/comments?post=33521"}],"version-history":[{"count":0,"href":"https:\/\/linitiative.ca\/International\/wp-json\/wp\/v2\/posts\/33521\/revisions"}],"wp:featuredmedia":[{"embeddable":true,"href":"https:\/\/linitiative.ca\/International\/wp-json\/"}],"wp:attachment":[{"href":"https:\/\/linitiative.ca\/International\/wp-json\/wp\/v2\/media?parent=33521"}],"wp:term":[{"taxonomy":"category","embeddable":true,"href":"https:\/\/linitiative.ca\/International\/wp-json\/wp\/v2\/categories?post=33521"},{"taxonomy":"post_tag","embeddable":true,"href":"https:\/\/linitiative.ca\/International\/wp-json\/wp\/v2\/tags?post=33521"}],"curies":[{"name":"wp","href":"https:\/\/api.w.org\/{rel}","templated":true}]}}