{"id":33527,"date":"2019-05-09T21:15:34","date_gmt":"2019-05-10T01:15:34","guid":{"rendered":"https:\/\/linitiative.ca\/International\/la-16eme-session-du-conseil-superieur-de-leducation-mardi-et-mercredi-a-rabat\/"},"modified":"2019-05-09T21:15:34","modified_gmt":"2019-05-10T01:15:34","slug":"la-16eme-session-du-conseil-superieur-de-leducation-mardi-et-mercredi-a-rabat","status":"publish","type":"post","link":"https:\/\/linitiative.ca\/International\/la-16eme-session-du-conseil-superieur-de-leducation-mardi-et-mercredi-a-rabat\/","title":{"rendered":"La 16\u00e8me session du Conseil sup\u00e9rieur de l\u2019\u00e9ducation, mardi et mercredi \u00e0 Rabat"},"content":{"rendered":"<p>Le Conseil sup\u00e9rieur de l\u2019\u00e9ducation, de la formation et de la recherche scientifique tiendra sa 16\u00e8me session les 14 et 15 mai \u00e0 Rabat.<\/p>\n<div class=\"c10\"\/>\n<p>Cette session sera marqu\u00e9e par la pr\u00e9sentation d\u2019un projet de rapport des associations des parents d\u2019\u00e9l\u00e8ves, en tant que partenaire essentiel dans la r\u00e9alisation de l\u2019\u00e9cole de l\u2019\u00e9quit\u00e9 et la promotion de la qualit\u00e9, indique un communiqu\u00e9 du Conseil.<\/p>\n<p>Le programme pr\u00e9voit en outre des s\u00e9ances ax\u00e9es sur un projet d\u2019avis autour de \u00ab\u00a0l\u2019\u00e9ducation des personnes en situation de handicap: vers une \u00e9ducation int\u00e9gr\u00e9e\u00a0\u00bb, \u00e9quitable et efficace\u00a0\u00bb et un projet de rapport sur \u00ab\u00a0l\u2019enseignement sup\u00e9rieur \u00e0 l\u2019horizon 2030\u00a0\u00bb.<\/p>\n<p>A l\u2019ordre du jour de la session figurent aussi la pr\u00e9sentation des r\u00e9sultats de la recherche sur terrain autour de \u00ab\u00a0la famille et l\u2019\u00e9ducation\u00a0\u00bb et le tableau d\u2019indicateurs de suivi de la vision strat\u00e9gique durant la p\u00e9riode 2015-2018.<\/p>\n<p>La r\u00e9union sera suivie d\u2019une rencontre avec les m\u00e9dias, le 16 mai, autour du projet de rapport sur \u00ab\u00a0l\u2019enseignement sup\u00e9rieur \u00e0 l\u2019horizon de 2030\u00a0\u00bb.<\/p>\n<div class=\"c17\">\n<fieldset class=\"c16\">\n<legend><strong><span class=\"c11\">Challenge<\/span><span class=\"c12\">news<\/span><\/strong><\/legend>\n<div class=\"c15\">Le meilleur de la r\u00e9daction s\u00e9lectionn\u00e9 par Challenge :<\/p>\n<\/div>\n<\/fieldset>\n<\/div>\n<p>Auteur: challenge<br \/>\n<a href=\"https:\/\/www.challenge.ma\/la-16eme-session-du-conseil-superieur-de-leducation-mardi-et-mercredi-a-rabat-108968\/\">Cliquez ici pour lire l&rsquo;article depuis sa source.<\/a><\/p>\n","protected":false},"excerpt":{"rendered":"<p>Le Conseil sup\u00e9rieur de l\u2019\u00e9ducation, de la formation et de la recherche scientifique tiendra sa 16\u00e8me session les 14 et 15 mai \u00e0 Rabat. Cette session sera marqu\u00e9e par la pr\u00e9sentation d\u2019un projet de rapport des associations des parents d\u2019\u00e9l\u00e8ves, en tant que partenaire essentiel dans la r\u00e9alisation de l\u2019\u00e9cole de l\u2019\u00e9quit\u00e9 et la promotion [&hellip;]<\/p>\n","protected":false},"author":1787,"featured_media":0,"comment_status":"closed","ping_status":"closed","sticky":false,"template":"","format":"standard","meta":{"fifu_image_url":"","fifu_image_alt":"","footnotes":""},"categories":[78,54],"tags":[],"class_list":["post-33527","post","type-post","status-publish","format-standard","hentry","category-economie","category-maroc"],"_links":{"self":[{"href":"https:\/\/linitiative.ca\/International\/wp-json\/wp\/v2\/posts\/33527","targetHints":{"allow":["GET"]}}],"collection":[{"href":"https:\/\/linitiative.ca\/International\/wp-json\/wp\/v2\/posts"}],"about":[{"href":"https:\/\/linitiative.ca\/International\/wp-json\/wp\/v2\/types\/post"}],"author":[{"embeddable":true,"href":"https:\/\/linitiative.ca\/International\/wp-json\/wp\/v2\/users\/1787"}],"replies":[{"embeddable":true,"href":"https:\/\/linitiative.ca\/International\/wp-json\/wp\/v2\/comments?post=33527"}],"version-history":[{"count":0,"href":"https:\/\/linitiative.ca\/International\/wp-json\/wp\/v2\/posts\/33527\/revisions"}],"wp:attachment":[{"href":"https:\/\/linitiative.ca\/International\/wp-json\/wp\/v2\/media?parent=33527"}],"wp:term":[{"taxonomy":"category","embeddable":true,"href":"https:\/\/linitiative.ca\/International\/wp-json\/wp\/v2\/categories?post=33527"},{"taxonomy":"post_tag","embeddable":true,"href":"https:\/\/linitiative.ca\/International\/wp-json\/wp\/v2\/tags?post=33527"}],"curies":[{"name":"wp","href":"https:\/\/api.w.org\/{rel}","templated":true}]}}