{"id":33528,"date":"2019-05-09T22:33:07","date_gmt":"2019-05-10T02:33:07","guid":{"rendered":"https:\/\/linitiative.ca\/International\/les-anesthesistes-denoncent-les-propos-de-chorfi\/"},"modified":"2019-05-09T22:33:07","modified_gmt":"2019-05-10T02:33:07","slug":"les-anesthesistes-denoncent-les-propos-de-chorfi","status":"publish","type":"post","link":"https:\/\/linitiative.ca\/International\/les-anesthesistes-denoncent-les-propos-de-chorfi\/","title":{"rendered":"Les anesth\u00e9sistes d\u00e9noncent les propos de Chorfi"},"content":{"rendered":"<p>Les professionnels de la sant\u00e9 montent au cr\u00e9neau suite aux propos tenus parc le secr\u00e9taire g\u00e9n\u00e9ral du minist\u00e8re de l\u2019Economie et des Finances, Zouhair Chorfi, accusant les m\u00e9decins de corruption et de fraude fiscale, lors des derni\u00e8res Assises de la fiscalit\u00e9.<\/p>\n<div class=\"c10\"\/>\n<p>Dans un communiqu\u00e9 rendu public aujourd\u2019hui, la <strong>F\u00e9d\u00e9ration nationale des anesth\u00e9sistes r\u00e9animateurs du Maroc<\/strong> (FNAR) a d\u00e9nonc\u00e9 la position du secr\u00e9taire g\u00e9n\u00e9ral du minist\u00e8re de l\u2019Economie et des Finance, stigmatisant les professionnels de la sant\u00e9.<\/p>\n<p>Lire aussi : <a href=\"https:\/\/www.challenge.ma\/assises-de-la-fiscalite-le-coup-de-gueule-de-zouhair-chorfi-108740\/\" target=\"_blank\" rel=\"noopener noreferrer\">Assises de la fiscalit\u00e9 : le coup de gueule de Zouhair Chorfi<\/a><\/p>\n<p>\u00ab\u00a0Accuser la profession m\u00e9dicale et les cliniques priv\u00e9es de corruption et de fraudes fiscales est tr\u00e8s grave\u00a0: ce mal soci\u00e9tal s\u00e9vit comme une gangr\u00e8ne dans plusieurs administrations et secteurs d\u2019activit\u00e9 et ne concerne que les personnes qui le font et heureusement pour nos citoyens que le secteur m\u00e9dical est le moins touch\u00e9\u00a0\u00bb, fustige Jamal Eddine Cohen, pr\u00e9sident de la FNAR.<\/p>\n<p>Ainsi, \u00ab\u00a0la FNAR prend parti avec toutes les repr\u00e9sentations publiques et priv\u00e9es pour d\u00e9noncer des propos d\u00e9plac\u00e9s envers la profession m\u00e9dicale et d\u00e9fendre la dignit\u00e9 de celle-ci dans un cadre l\u00e9gal et institutionnel\u00a0\u00bb, conclut le communiqu\u00e9.<\/p>\n<p>La FNAR s\u2019est jointe \u00e0 l\u2019action prise lundi dernier par l\u2019association nationale des cliniques priv\u00e9es (ANCP), qui a fait une sortie virulente en r\u00e9action aux propos du secr\u00e9taire g\u00e9n\u00e9ral du minist\u00e8re de l\u2019Economie et des Finances accusant les m\u00e9decins de \u00ab\u00a0sous-d\u00e9clarations majeures (90%) de leur imposition\u00a0\u00bb.<\/p>\n<p>L\u2019ANCP a fait part dans un communiqu\u00e9 de sa d\u00e9cision d\u2019ester en justice le responsable \u00e9tatique et pr\u00e9voir une gr\u00e8ve, entre autres mesures visant \u00e0 d\u00e9mentir les accusations de fraudes fiscales port\u00e9es \u00e0 son \u00e9gard.<\/p>\n<div class=\"c17\">\n<fieldset class=\"c16\">\n<legend><strong><span class=\"c11\">Challenge<\/span><span class=\"c12\">news<\/span><\/strong><\/legend>\n<div class=\"c15\">Le meilleur de la r\u00e9daction s\u00e9lectionn\u00e9 par Challenge :<\/p>\n<\/div>\n<\/fieldset>\n<\/div>\n<p>Auteur: Hassan Manyani<br \/>\n<a href=\"https:\/\/www.challenge.ma\/les-anesthesistes-denoncent-les-propos-de-chorfi-108947\/\">Cliquez ici pour lire l&rsquo;article depuis sa source.<\/a><\/p>\n","protected":false},"excerpt":{"rendered":"<p>Les professionnels de la sant\u00e9 montent au cr\u00e9neau suite aux propos tenus parc le secr\u00e9taire g\u00e9n\u00e9ral du minist\u00e8re de l\u2019Economie et des Finances, Zouhair Chorfi, accusant les m\u00e9decins de corruption et de fraude fiscale, lors des derni\u00e8res Assises de la fiscalit\u00e9. Dans un communiqu\u00e9 rendu public aujourd\u2019hui, la F\u00e9d\u00e9ration nationale des anesth\u00e9sistes r\u00e9animateurs du Maroc [&hellip;]<\/p>\n","protected":false},"author":1787,"featured_media":0,"comment_status":"closed","ping_status":"closed","sticky":false,"template":"","format":"standard","meta":{"fifu_image_url":"","fifu_image_alt":"","footnotes":""},"categories":[78,54],"tags":[],"class_list":["post-33528","post","type-post","status-publish","format-standard","hentry","category-economie","category-maroc"],"_links":{"self":[{"href":"https:\/\/linitiative.ca\/International\/wp-json\/wp\/v2\/posts\/33528","targetHints":{"allow":["GET"]}}],"collection":[{"href":"https:\/\/linitiative.ca\/International\/wp-json\/wp\/v2\/posts"}],"about":[{"href":"https:\/\/linitiative.ca\/International\/wp-json\/wp\/v2\/types\/post"}],"author":[{"embeddable":true,"href":"https:\/\/linitiative.ca\/International\/wp-json\/wp\/v2\/users\/1787"}],"replies":[{"embeddable":true,"href":"https:\/\/linitiative.ca\/International\/wp-json\/wp\/v2\/comments?post=33528"}],"version-history":[{"count":0,"href":"https:\/\/linitiative.ca\/International\/wp-json\/wp\/v2\/posts\/33528\/revisions"}],"wp:attachment":[{"href":"https:\/\/linitiative.ca\/International\/wp-json\/wp\/v2\/media?parent=33528"}],"wp:term":[{"taxonomy":"category","embeddable":true,"href":"https:\/\/linitiative.ca\/International\/wp-json\/wp\/v2\/categories?post=33528"},{"taxonomy":"post_tag","embeddable":true,"href":"https:\/\/linitiative.ca\/International\/wp-json\/wp\/v2\/tags?post=33528"}],"curies":[{"name":"wp","href":"https:\/\/api.w.org\/{rel}","templated":true}]}}