{"id":33529,"date":"2019-05-10T04:37:19","date_gmt":"2019-05-10T08:37:19","guid":{"rendered":"https:\/\/linitiative.ca\/International\/il-fait-lactu-mohamed-benabdelkader-ministre-delegue-charge-de-la-reforme-de-ladministration-et-de-la-fonction-publique\/"},"modified":"2019-05-10T04:37:19","modified_gmt":"2019-05-10T08:37:19","slug":"il-fait-lactu-mohamed-benabdelkader-ministre-delegue-charge-de-la-reforme-de-ladministration-et-de-la-fonction-publique","status":"publish","type":"post","link":"https:\/\/linitiative.ca\/International\/il-fait-lactu-mohamed-benabdelkader-ministre-delegue-charge-de-la-reforme-de-ladministration-et-de-la-fonction-publique\/","title":{"rendered":"Il fait l\u2019actu : Mohamed Benabdelkader, ministre d\u00e9l\u00e9gu\u00e9 charg\u00e9 de la R\u00e9forme de l\u2019Administration et de la Fonction publique"},"content":{"rendered":"<p>Le d\u00e9cret portant Charte nationale de la d\u00e9concentration administrative et le d\u00e9cret d\u00e9terminant le mod\u00e8le du sch\u00e9ma directeur r\u00e9f\u00e9rentiel de la d\u00e9concentration administrative constituent de grandes r\u00e9formes pour la mise en \u0153uvre de la r\u00e9gionalisation avanc\u00e9e, a soulign\u00e9, jeudi \u00e0 Rabat, le ministre d\u00e9l\u00e9gu\u00e9 charg\u00e9 de la R\u00e9forme de l\u2019Administration et de la Fonction publique, <strong>Mohammed Benabdelkader<\/strong>.<\/p>\n<div class=\"c10\"\/>\n<p>Benabdelkader, qui pr\u00e9sentait, devant le conseil de gouvernement, le bilan de la commission technique interminist\u00e9rielle charg\u00e9e du suivi et de la mise en \u0153uvre des dispositions de la charte nationale de la d\u00e9concentration administrative en mati\u00e8re d\u2019accompagnement des d\u00e9partements minist\u00e9riels dans l\u2019\u00e9laboration de leurs sch\u00e9mas directeurs r\u00e9f\u00e9rentiels, a indiqu\u00e9 que le gouvernement a fix\u00e9, \u00e0 travers ce d\u00e9cret, un d\u00e9lai de 6 mois qui prendra fin en juillet prochain pour que chaque d\u00e9partement \u00e9labore un sch\u00e9ma comprenant les pr\u00e9rogatives et les ressources humaines et financi\u00e8res qui seront transf\u00e9r\u00e9es aux r\u00e9gions, a pr\u00e9cis\u00e9 le porte-parole du gouvernement, Mustapha El Khalfi, dans un point de presse \u00e0 l\u2019issue de ce Conseil. La commission technique, compos\u00e9e du d\u00e9partement du chef gouvernement, du secr\u00e9tariat g\u00e9n\u00e9ral du gouvernement, du minist\u00e8re de l\u2019Int\u00e9rieur, du minist\u00e8re de l\u2019\u00c9conomie et des finances et du minist\u00e8re d\u00e9l\u00e9gu\u00e9 charg\u00e9 de la R\u00e9forme de l\u2019Administration et de la Fonction publique, a tenu jusqu\u2019au 8 mai des rencontres avec 10 d\u00e9partements gouvernementaux qui ont \u00e9t\u00e9 couronn\u00e9es par la conception d\u2019une vision sur les modalit\u00e9s de ce transfert, a-t-il poursuivi.<\/p>\n<p>Ces rencontres ont \u00e9t\u00e9 aussi marqu\u00e9es par des d\u00e9bats sur les difficult\u00e9s auxquelles font face plusieurs d\u00e9partements, a-t-il fait savoir, mettant en exergue la mobilisation des d\u00e9partements pour respecter le d\u00e9lai fix\u00e9 en juillet prochain, \u00e9tant donn\u00e9 que l\u2019op\u00e9ration de transfert se d\u00e9roulera en 3 ans.<\/p>\n<div class=\"c17\">\n<fieldset class=\"c16\">\n<legend><strong><span class=\"c11\">Challenge<\/span><span class=\"c12\">news<\/span><\/strong><\/legend>\n<div class=\"c15\">Le meilleur de la r\u00e9daction s\u00e9lectionn\u00e9 par Challenge :<\/p>\n<\/div>\n<\/fieldset>\n<\/div>\n<p>Auteur: challenge<br \/>\n<a href=\"https:\/\/www.challenge.ma\/il-fait-lactu-mohamed-benabdelkader-ministre-delegue-charge-de-la-reforme-de-ladministration-et-de-la-fonction-publique-108974\/\">Cliquez ici pour lire l&rsquo;article depuis sa source.<\/a><\/p>\n","protected":false},"excerpt":{"rendered":"<p>Le d\u00e9cret portant Charte nationale de la d\u00e9concentration administrative et le d\u00e9cret d\u00e9terminant le mod\u00e8le du sch\u00e9ma directeur r\u00e9f\u00e9rentiel de la d\u00e9concentration administrative constituent de grandes r\u00e9formes pour la mise en \u0153uvre de la r\u00e9gionalisation avanc\u00e9e, a soulign\u00e9, jeudi \u00e0 Rabat, le ministre d\u00e9l\u00e9gu\u00e9 charg\u00e9 de la R\u00e9forme de l\u2019Administration et de la Fonction publique, [&hellip;]<\/p>\n","protected":false},"author":1787,"featured_media":0,"comment_status":"closed","ping_status":"closed","sticky":false,"template":"","format":"standard","meta":{"fifu_image_url":"","fifu_image_alt":"","footnotes":""},"categories":[78,54],"tags":[],"class_list":["post-33529","post","type-post","status-publish","format-standard","hentry","category-economie","category-maroc"],"_links":{"self":[{"href":"https:\/\/linitiative.ca\/International\/wp-json\/wp\/v2\/posts\/33529","targetHints":{"allow":["GET"]}}],"collection":[{"href":"https:\/\/linitiative.ca\/International\/wp-json\/wp\/v2\/posts"}],"about":[{"href":"https:\/\/linitiative.ca\/International\/wp-json\/wp\/v2\/types\/post"}],"author":[{"embeddable":true,"href":"https:\/\/linitiative.ca\/International\/wp-json\/wp\/v2\/users\/1787"}],"replies":[{"embeddable":true,"href":"https:\/\/linitiative.ca\/International\/wp-json\/wp\/v2\/comments?post=33529"}],"version-history":[{"count":0,"href":"https:\/\/linitiative.ca\/International\/wp-json\/wp\/v2\/posts\/33529\/revisions"}],"wp:attachment":[{"href":"https:\/\/linitiative.ca\/International\/wp-json\/wp\/v2\/media?parent=33529"}],"wp:term":[{"taxonomy":"category","embeddable":true,"href":"https:\/\/linitiative.ca\/International\/wp-json\/wp\/v2\/categories?post=33529"},{"taxonomy":"post_tag","embeddable":true,"href":"https:\/\/linitiative.ca\/International\/wp-json\/wp\/v2\/tags?post=33529"}],"curies":[{"name":"wp","href":"https:\/\/api.w.org\/{rel}","templated":true}]}}