{"id":33533,"date":"2019-05-10T11:00:34","date_gmt":"2019-05-10T15:00:34","guid":{"rendered":"https:\/\/linitiative.ca\/International\/tunisie-video-rene-trabelsi-devoile-les-details-de-la-saison-touristique-et-les-marches-que-la-tunisie-a-pu-reconquerir\/"},"modified":"2019-05-10T11:00:34","modified_gmt":"2019-05-10T15:00:34","slug":"tunisie-video-rene-trabelsi-devoile-les-details-de-la-saison-touristique-et-les-marches-que-la-tunisie-a-pu-reconquerir","status":"publish","type":"post","link":"https:\/\/linitiative.ca\/International\/tunisie-video-rene-trabelsi-devoile-les-details-de-la-saison-touristique-et-les-marches-que-la-tunisie-a-pu-reconquerir\/","title":{"rendered":"Tunisie-[vid\u00e9o]-Ren\u00e9 Trabelsi d\u00e9voile les d\u00e9tails de la saison touristique et les march\u00e9s que la Tunisie a pu reconqu\u00e9rir"},"content":{"rendered":"<div class=\"post-cont-in left relative\">\n<p>Dans une d\u00e9claration accord\u00e9e \u00e0 Tunisienumerique, le ministre du Tourisme, Ren\u00e9 Trabesli a affirm\u00e9 que la saison touristique prochaine repr\u00e9sente la continuit\u00e9 de la saison touristique de 2018. Le ministre a\u00a0soulign\u00e9 que la saison 2018 a connu une progression apr\u00e8s avoir reconquis certains march\u00e9s internationaux \u00e0 l\u2019instar des march\u00e9s fran\u00e7ais, britannique, belge, italien outre le march\u00e9 russe.<\/p>\n<p>M.Trabelsi a consid\u00e9r\u00e9 que ce dernier est un march\u00e9 tr\u00e8s important vu le nombre des touristes russes qui va atteindre les 720 mille cette saison.<\/p>\n<div class=\"code-block code-block-1 c4\"><ins class=\"adsbygoogle c3\" data-ad-layout=\"in-article\" data-ad-format=\"fluid\" data-ad-client=\"ca-pub-2102118777505746\" data-ad-slot=\"7301775417\"\/> <\/div>\n<p>Dans le m\u00eame contexte, M. Trabelsi a mis l\u2019accent sur l\u2019importance du march\u00e9 britannique qui a pratiquement disparu depuis l\u2019attentat de 2015. Il\u00a0a assur\u00e9 que le retour des anglais repr\u00e9sente un message tr\u00e8s important pour les grands op\u00e9rateurs.<\/p>\n<p>Dans ce sens, le ministre a soulign\u00e9 que son d\u00e9partement n\u00e9gocie avec les parties anglaises dans l\u2019objectif de reconqu\u00e9rir ce march\u00e9.<\/p>\n<p>Concernant,$ l\u2019\u00e9mission \u00ab\u00a0Touche Pas \u00e0 Mon Post\u00a0\u00bb pr\u00e9sent\u00e9e par Cyril Hanouna, faisant la promotion de la Tunisie, M. Trabelsi a affirm\u00e9 que c\u2019est une publicit\u00e9 gratuite que Cyril a faite par amour \u00e0 la Tunisie, ajoutant qu\u2019une autre \u00e9mission italienne est en train d\u2019\u00eatre film\u00e9e, dans le Sud tunisien.<\/p>\n<div class=\"mvp-org-wrap mvp-org-logo\" itemprop=\"publisher\" itemscope=\"\" itemtype=\"https:\/\/schema.org\/Organization\"><img decoding=\"async\" src=\"https:\/\/www.tunisienumerique.com\/wp-content\/uploads\/2017\/02\/logo_tunisie_numerique.png\"\/><\/div>\n<div class=\"post-tags\"><span class=\"post-tags-header\">Sujets Connexes:<\/span><\/div>\n<\/div>\n<p>Auteur: Laameri Dorsaf<br \/>\n<a href=\"https:\/\/www.tunisienumerique.com\/tunisie-video-rene-trabelsi-devoile-les-details-de-la-saison-touristique-et-les-marches-que-la-tunisie-a-pu-reconquerir\/\">Cliquez ici pour lire l&rsquo;article depuis sa source.<\/a><\/p>\n","protected":false},"excerpt":{"rendered":"<p>Dans une d\u00e9claration accord\u00e9e \u00e0 Tunisienumerique, le ministre du Tourisme, Ren\u00e9 Trabesli a affirm\u00e9 que la saison touristique prochaine repr\u00e9sente la continuit\u00e9 de la saison touristique de 2018. Le ministre a\u00a0soulign\u00e9 que la saison 2018 a connu une progression apr\u00e8s avoir reconquis certains march\u00e9s internationaux \u00e0 l\u2019instar des march\u00e9s fran\u00e7ais, britannique, belge, italien outre le [&hellip;]<\/p>\n","protected":false},"author":1789,"featured_media":33534,"comment_status":"closed","ping_status":"closed","sticky":false,"template":"","format":"standard","meta":{"fifu_image_url":"","fifu_image_alt":"","footnotes":""},"categories":[73,55],"tags":[],"class_list":["post-33533","post","type-post","status-publish","format-standard","has-post-thumbnail","hentry","category-actualite","category-tunisie"],"_links":{"self":[{"href":"https:\/\/linitiative.ca\/International\/wp-json\/wp\/v2\/posts\/33533","targetHints":{"allow":["GET"]}}],"collection":[{"href":"https:\/\/linitiative.ca\/International\/wp-json\/wp\/v2\/posts"}],"about":[{"href":"https:\/\/linitiative.ca\/International\/wp-json\/wp\/v2\/types\/post"}],"author":[{"embeddable":true,"href":"https:\/\/linitiative.ca\/International\/wp-json\/wp\/v2\/users\/1789"}],"replies":[{"embeddable":true,"href":"https:\/\/linitiative.ca\/International\/wp-json\/wp\/v2\/comments?post=33533"}],"version-history":[{"count":0,"href":"https:\/\/linitiative.ca\/International\/wp-json\/wp\/v2\/posts\/33533\/revisions"}],"wp:featuredmedia":[{"embeddable":true,"href":"https:\/\/linitiative.ca\/International\/wp-json\/"}],"wp:attachment":[{"href":"https:\/\/linitiative.ca\/International\/wp-json\/wp\/v2\/media?parent=33533"}],"wp:term":[{"taxonomy":"category","embeddable":true,"href":"https:\/\/linitiative.ca\/International\/wp-json\/wp\/v2\/categories?post=33533"},{"taxonomy":"post_tag","embeddable":true,"href":"https:\/\/linitiative.ca\/International\/wp-json\/wp\/v2\/tags?post=33533"}],"curies":[{"name":"wp","href":"https:\/\/api.w.org\/{rel}","templated":true}]}}