{"id":33537,"date":"2019-05-10T12:20:30","date_gmt":"2019-05-10T16:20:30","guid":{"rendered":"https:\/\/linitiative.ca\/International\/tunisie-creation-dun-parti-amazigh-larbre-qui-pourrait-cacher-la-foret-ou-la-jungle\/"},"modified":"2019-05-10T12:20:30","modified_gmt":"2019-05-10T16:20:30","slug":"tunisie-creation-dun-parti-amazigh-larbre-qui-pourrait-cacher-la-foret-ou-la-jungle","status":"publish","type":"post","link":"https:\/\/linitiative.ca\/International\/tunisie-creation-dun-parti-amazigh-larbre-qui-pourrait-cacher-la-foret-ou-la-jungle\/","title":{"rendered":"Tunisie \u2013 Cr\u00e9ation d\u2019un parti Amazigh\u00a0: L\u2019arbre qui pourrait cacher la for\u00eat ou la jungle"},"content":{"rendered":"<div class=\"post-cont-in left relative\">\n<p>L\u2019annonce par un groupe de jeunes, de la cr\u00e9ation d\u2019un parti politique Amazigh, il y a quelques jours, a cr\u00e9\u00e9 une sorte de malaise g\u00e9n\u00e9ral chez les tunisiens.<\/p>\n<p>Bien\u00a0que le tunisien\u00a0soit fier de ses origines amazighes, il n\u2019en demeure pas moins, qu\u2019une annonce pareille est de nature \u00e0 jeter le trouble\u00a0sur la sc\u00e8ne politique et sociale\u00a0du pays.<\/p>\n<div class=\"code-block code-block-1 c3\"><ins class=\"adsbygoogle c2\" data-ad-layout=\"in-article\" data-ad-format=\"fluid\" data-ad-client=\"ca-pub-2102118777505746\" data-ad-slot=\"7301775417\"\/> <\/div>\n<p>La loi tunisienne, faut-il le rappeler, interdit la formation de partis politiques qui se basent sur des id\u00e9ologies ethniques, religieuses, raciale ou d\u2019appartenance \u00e0 une minorit\u00e9 ou \u00e0 une autre.<\/p>\n<p>Donc, que vient faire ce parti, \u00e0 ce moment pr\u00e9cis et quel r\u00f4le lui sera d\u00e9volu en cette p\u00e9riode de flou int\u00e9gral\u00a0? Quelle diff\u00e9rence entre ce parti amazigh \u00ab\u00a0AKAL\u00a0\u00bb et le Hizb-Ut-Tahrir, salafiste qui pr\u00f4ne la Califat et l\u2019application de la Chari\u00e2a\u00a0?<\/p>\n<p>En effet tous les deux ne respectent pas la notion d\u2019appartenance au pays ni celle de territorialit\u00e9, quoiqu\u2019ils pr\u00e9tendent le contraire. Tous les deux r\u00eavent de regrouper leurs semblables dans un seul Etat, une seule \u00ab\u00a0Ummah\u00a0\u00bb. Tous les deux ne reconnaissent apparemment pas le drapeau national et arborent lors de toutes leurs manifestations, leur propre \u00e9tendard. Tous les deux revendiquent leurs droits historiques dans le pays, \u00e0 savoir les invasions islamiques lors de la progression des Aghlabides et la quasi \u00e9ternelle pr\u00e9sence des amazighs, depuis la nuit des temps, dans le pays. Enfin, tous les deux ne reconna\u00eessent pas les fronti\u00e8res nationales et d\u00e9clarent vouloir \u0153uvrer \u00e0 r\u00e9unir leur \u00ab\u00a0race\u00a0\u00bb ou leur \u00ab\u00a0id\u00e9ologie\u00a0\u00bb \u00e0 travers le monde.<\/p>\n<p>Mais si le Hizb-Ut-Tahrir admet, tout de m\u00eame, l\u2019entit\u00e9 tunisienne, ne serait-que sous le titre de \u00ab\u00a0Wilaya\u00a0\u00bb, les amazighs vont plus loin et projettent de r\u00e9unir les enfants de leur ethnie, dans une seule Nation qui ne\u00a0distingue pas les fronti\u00e8res et qui s\u2019\u00e9tend, selon leurs propres aveux, de la Libye au Maroc, en passant par le sud et le centre ouest tunisiens, la Kabylie et le sud alg\u00e9rien, sans oublier les d\u00e9tours par le Niger, le Mali et tout le reste.<\/p>\n<p>Or, cette nouvelle carte, rappelle exactement, celle qu\u2019avaient pr\u00e9par\u00e9e les architectes du printemps arabe qui projetaient de diviser l\u2019Afrique du Nord,\u00a0en trois bandes horizontales. Une au sud r\u00e9unissant les Amazighs, qui pourront au passage rafler l\u2019essentiel des richesses naturelles de la r\u00e9gion, la bande du milieu sera d\u00e9di\u00e9e aux barbus v\u00eatus de noir et\u00a0une derni\u00e8re dans\u00a0la zone c\u00f4ti\u00e8re, o\u00f9 devait r\u00e9gner l\u2019Islam politique.<\/p>\n<p>Vu sous cet angle, il semblerait que les architectes du projet du printemps arabe persistent \u00e0 vouloir r\u00e9aliser leurs desseins, malgr\u00e9 les d\u00e9convenues qu\u2019ils ont rencontr\u00e9es, en Egypte ou en Syrie\u00a0!<\/p>\n<p><img loading=\"lazy\" decoding=\"async\" class=\"aligncenter size-full wp-image-433749\" src=\"https:\/\/www.tunisienumerique.com\/wp-content\/uploads\/2019\/05\/akal.jpg\" alt=\"\" width=\"520\" height=\"520\" srcset=\"https:\/\/www.tunisienumerique.com\/wp-content\/uploads\/2019\/05\/akal.jpg 520w, https:\/\/www.tunisienumerique.com\/wp-content\/uploads\/2019\/05\/akal-80x80.jpg 80w\" sizes=\"auto, (max-width: 520px) 100vw, 520px\"\/><\/p>\n<div class=\"mvp-org-wrap mvp-org-logo\" itemprop=\"publisher\" itemscope=\"\" itemtype=\"https:\/\/schema.org\/Organization\"><img decoding=\"async\" src=\"https:\/\/www.tunisienumerique.com\/wp-content\/uploads\/2017\/02\/logo_tunisie_numerique.png\"\/><\/div>\n<div class=\"mvp-related-posts left relative\">\n<h4 class=\"post-header\"><span class=\"post-header\">Lire aussi<\/span><\/h4>\n<\/div>\n<\/div>\n<p>Auteur: Ramsis<br \/>\n<a href=\"https:\/\/www.tunisienumerique.com\/tunisie-creation-dun-parti-amazigh-larbre-qui-pourrait-cacher-la-foret-ou-la-jungle\/\">Cliquez ici pour lire l&rsquo;article depuis sa source.<\/a><\/p>\n","protected":false},"excerpt":{"rendered":"<p>L\u2019annonce par un groupe de jeunes, de la cr\u00e9ation d\u2019un parti politique Amazigh, il y a quelques jours, a cr\u00e9\u00e9 une sorte de malaise g\u00e9n\u00e9ral chez les tunisiens. Bien\u00a0que le tunisien\u00a0soit fier de ses origines amazighes, il n\u2019en demeure pas moins, qu\u2019une annonce pareille est de nature \u00e0 jeter le trouble\u00a0sur la sc\u00e8ne politique et [&hellip;]<\/p>\n","protected":false},"author":1789,"featured_media":33538,"comment_status":"closed","ping_status":"closed","sticky":false,"template":"","format":"standard","meta":{"fifu_image_url":"","fifu_image_alt":"","footnotes":""},"categories":[73,55],"tags":[],"class_list":["post-33537","post","type-post","status-publish","format-standard","has-post-thumbnail","hentry","category-actualite","category-tunisie"],"_links":{"self":[{"href":"https:\/\/linitiative.ca\/International\/wp-json\/wp\/v2\/posts\/33537","targetHints":{"allow":["GET"]}}],"collection":[{"href":"https:\/\/linitiative.ca\/International\/wp-json\/wp\/v2\/posts"}],"about":[{"href":"https:\/\/linitiative.ca\/International\/wp-json\/wp\/v2\/types\/post"}],"author":[{"embeddable":true,"href":"https:\/\/linitiative.ca\/International\/wp-json\/wp\/v2\/users\/1789"}],"replies":[{"embeddable":true,"href":"https:\/\/linitiative.ca\/International\/wp-json\/wp\/v2\/comments?post=33537"}],"version-history":[{"count":0,"href":"https:\/\/linitiative.ca\/International\/wp-json\/wp\/v2\/posts\/33537\/revisions"}],"wp:featuredmedia":[{"embeddable":true,"href":"https:\/\/linitiative.ca\/International\/wp-json\/"}],"wp:attachment":[{"href":"https:\/\/linitiative.ca\/International\/wp-json\/wp\/v2\/media?parent=33537"}],"wp:term":[{"taxonomy":"category","embeddable":true,"href":"https:\/\/linitiative.ca\/International\/wp-json\/wp\/v2\/categories?post=33537"},{"taxonomy":"post_tag","embeddable":true,"href":"https:\/\/linitiative.ca\/International\/wp-json\/wp\/v2\/tags?post=33537"}],"curies":[{"name":"wp","href":"https:\/\/api.w.org\/{rel}","templated":true}]}}