{"id":33539,"date":"2019-05-10T13:33:46","date_gmt":"2019-05-10T17:33:46","guid":{"rendered":"https:\/\/linitiative.ca\/International\/tunisie-multiplication-des-actes-de-vandalisme-et-des-agressions-du-personnel-de-la-sonede\/"},"modified":"2019-05-10T13:33:46","modified_gmt":"2019-05-10T17:33:46","slug":"tunisie-multiplication-des-actes-de-vandalisme-et-des-agressions-du-personnel-de-la-sonede","status":"publish","type":"post","link":"https:\/\/linitiative.ca\/International\/tunisie-multiplication-des-actes-de-vandalisme-et-des-agressions-du-personnel-de-la-sonede\/","title":{"rendered":"Tunisie \u2013 Multiplication des actes de vandalisme et des agressions du personnel de la SONEDE"},"content":{"rendered":"<div class=\"post-cont-in left relative\">\n<p>La SONEDE s\u2019est plaint ce vendredi, dans un communiqu\u00e9, de la multiplication des agressions dont font l\u2019objet ses personnels exer\u00e7ant sur le terrain, ainsi que des actes de vandalisme visant son mat\u00e9riel.<\/p>\n<p>La SONEDE pr\u00e9vient qu\u2019elle ne reculera devant rien pour recouvrir le droit de ses agents, en recourant \u00e0 la justice.<\/p>\n<div class=\"code-block code-block-1 c3\"><ins class=\"adsbygoogle c2\" data-ad-layout=\"in-article\" data-ad-format=\"fluid\" data-ad-client=\"ca-pub-2102118777505746\" data-ad-slot=\"7301775417\"\/> <\/div>\n<p>Par ailleurs, la\u00a0soci\u00e9te\u00a0appelle les citoyens \u00e0 d\u00e9noncer tous les actes de vandalisme qui d\u00e9t\u00e9riorent les installations de la compagnie.<\/p>\n<div class=\"mvp-org-wrap mvp-org-logo\" itemprop=\"publisher\" itemscope=\"\" itemtype=\"https:\/\/schema.org\/Organization\"><img decoding=\"async\" src=\"https:\/\/www.tunisienumerique.com\/wp-content\/uploads\/2017\/02\/logo_tunisie_numerique.png\"\/><\/div>\n<div class=\"mvp-related-posts left relative\">\n<h4 class=\"post-header\"><span class=\"post-header\">Lire aussi<\/span><\/h4>\n<\/div>\n<\/div>\n<p>Auteur: LM<br \/>\n<a href=\"https:\/\/www.tunisienumerique.com\/tunisie-multiplication-des-actes-de-vandalisme-et-des-agressions-du-personnel-de-la-sonede\/\">Cliquez ici pour lire l&rsquo;article depuis sa source.<\/a><\/p>\n","protected":false},"excerpt":{"rendered":"<p>La SONEDE s\u2019est plaint ce vendredi, dans un communiqu\u00e9, de la multiplication des agressions dont font l\u2019objet ses personnels exer\u00e7ant sur le terrain, ainsi que des actes de vandalisme visant son mat\u00e9riel. La SONEDE pr\u00e9vient qu\u2019elle ne reculera devant rien pour recouvrir le droit de ses agents, en recourant \u00e0 la justice. Par ailleurs, la\u00a0soci\u00e9te\u00a0appelle [&hellip;]<\/p>\n","protected":false},"author":1789,"featured_media":33540,"comment_status":"closed","ping_status":"closed","sticky":false,"template":"","format":"standard","meta":{"fifu_image_url":"","fifu_image_alt":"","footnotes":""},"categories":[73,55],"tags":[],"class_list":["post-33539","post","type-post","status-publish","format-standard","has-post-thumbnail","hentry","category-actualite","category-tunisie"],"_links":{"self":[{"href":"https:\/\/linitiative.ca\/International\/wp-json\/wp\/v2\/posts\/33539","targetHints":{"allow":["GET"]}}],"collection":[{"href":"https:\/\/linitiative.ca\/International\/wp-json\/wp\/v2\/posts"}],"about":[{"href":"https:\/\/linitiative.ca\/International\/wp-json\/wp\/v2\/types\/post"}],"author":[{"embeddable":true,"href":"https:\/\/linitiative.ca\/International\/wp-json\/wp\/v2\/users\/1789"}],"replies":[{"embeddable":true,"href":"https:\/\/linitiative.ca\/International\/wp-json\/wp\/v2\/comments?post=33539"}],"version-history":[{"count":0,"href":"https:\/\/linitiative.ca\/International\/wp-json\/wp\/v2\/posts\/33539\/revisions"}],"wp:featuredmedia":[{"embeddable":true,"href":"https:\/\/linitiative.ca\/International\/wp-json\/"}],"wp:attachment":[{"href":"https:\/\/linitiative.ca\/International\/wp-json\/wp\/v2\/media?parent=33539"}],"wp:term":[{"taxonomy":"category","embeddable":true,"href":"https:\/\/linitiative.ca\/International\/wp-json\/wp\/v2\/categories?post=33539"},{"taxonomy":"post_tag","embeddable":true,"href":"https:\/\/linitiative.ca\/International\/wp-json\/wp\/v2\/tags?post=33539"}],"curies":[{"name":"wp","href":"https:\/\/api.w.org\/{rel}","templated":true}]}}