{"id":33543,"date":"2019-05-10T13:53:57","date_gmt":"2019-05-10T17:53:57","guid":{"rendered":"https:\/\/linitiative.ca\/International\/tunisie-appel-a-la-suspension-immediate-des-negociations-autour-des-accords-aleca\/"},"modified":"2019-05-10T13:53:57","modified_gmt":"2019-05-10T17:53:57","slug":"tunisie-appel-a-la-suspension-immediate-des-negociations-autour-des-accords-aleca","status":"publish","type":"post","link":"https:\/\/linitiative.ca\/International\/tunisie-appel-a-la-suspension-immediate-des-negociations-autour-des-accords-aleca\/","title":{"rendered":"Tunisie \u2013 Appel \u00e0 la suspension imm\u00e9diate des n\u00e9gociations autour des accords ALECA"},"content":{"rendered":"<div class=\"post-cont-in left relative\">\n<p>L\u2019expert en finances et membres du FTDES, Abdeljalil Bedoui a appel\u00e9 ce vendredi, sur les ondes de Jawhara FM, \u00e0 suspendre les n\u00e9gociations autour des accords de libre \u00e9change avec l\u2019Union Europ\u00e9enne, l\u2019ALECA, pour se donner de meilleures conditions de pourparlers.<\/p>\n<p>Il a ajout\u00e9 que les membres de la commission repr\u00e9sentant l\u2019Union Europ\u00e9enne ont re\u00e7u leurs consignes de la part du Parlement Europ\u00e9en et connaissent leurs limites, dans les tractations, alors que les membres de la d\u00e9l\u00e9gation tunisienne naviguent \u00e0 l\u2019aveugle et n\u2019ont re\u00e7u aucune consigne ni aucune autorisation de la part du Parlement Tunisien pour\u00a0discuter au nom du pays.<\/p>\n<div class=\"code-block code-block-1 c3\"><ins class=\"adsbygoogle c2\" data-ad-layout=\"in-article\" data-ad-format=\"fluid\" data-ad-client=\"ca-pub-2102118777505746\" data-ad-slot=\"7301775417\"\/> <\/div>\n<p>Bedoui a insist\u00e9 sur la n\u00e9cessit\u00e9 de revenir au Parlement dans ces\u00a0concertations\u00a0qui\u00a0d\u00e9passent les simples \u00e9changes commerciaux ou agricoles et touchent \u00e0 tous les secteurs de la vie du tunisien.<\/p>\n<div class=\"mvp-org-wrap mvp-org-logo\" itemprop=\"publisher\" itemscope=\"\" itemtype=\"https:\/\/schema.org\/Organization\"><img decoding=\"async\" src=\"https:\/\/www.tunisienumerique.com\/wp-content\/uploads\/2017\/02\/logo_tunisie_numerique.png\"\/><\/div>\n<div class=\"mvp-related-posts left relative\">\n<h4 class=\"post-header\"><span class=\"post-header\">Lire aussi<\/span><\/h4>\n<\/div>\n<\/div>\n<p>Auteur: LM<br \/>\n<a href=\"https:\/\/www.tunisienumerique.com\/tunisie-appel-a-la-suspension-immediate-des-negociations-autour-des-accords-aleca\/\">Cliquez ici pour lire l&rsquo;article depuis sa source.<\/a><\/p>\n","protected":false},"excerpt":{"rendered":"<p>L\u2019expert en finances et membres du FTDES, Abdeljalil Bedoui a appel\u00e9 ce vendredi, sur les ondes de Jawhara FM, \u00e0 suspendre les n\u00e9gociations autour des accords de libre \u00e9change avec l\u2019Union Europ\u00e9enne, l\u2019ALECA, pour se donner de meilleures conditions de pourparlers. Il a ajout\u00e9 que les membres de la commission repr\u00e9sentant l\u2019Union Europ\u00e9enne ont re\u00e7u [&hellip;]<\/p>\n","protected":false},"author":1789,"featured_media":33544,"comment_status":"closed","ping_status":"closed","sticky":false,"template":"","format":"standard","meta":{"fifu_image_url":"","fifu_image_alt":"","footnotes":""},"categories":[73,55],"tags":[],"class_list":["post-33543","post","type-post","status-publish","format-standard","has-post-thumbnail","hentry","category-actualite","category-tunisie"],"_links":{"self":[{"href":"https:\/\/linitiative.ca\/International\/wp-json\/wp\/v2\/posts\/33543","targetHints":{"allow":["GET"]}}],"collection":[{"href":"https:\/\/linitiative.ca\/International\/wp-json\/wp\/v2\/posts"}],"about":[{"href":"https:\/\/linitiative.ca\/International\/wp-json\/wp\/v2\/types\/post"}],"author":[{"embeddable":true,"href":"https:\/\/linitiative.ca\/International\/wp-json\/wp\/v2\/users\/1789"}],"replies":[{"embeddable":true,"href":"https:\/\/linitiative.ca\/International\/wp-json\/wp\/v2\/comments?post=33543"}],"version-history":[{"count":0,"href":"https:\/\/linitiative.ca\/International\/wp-json\/wp\/v2\/posts\/33543\/revisions"}],"wp:featuredmedia":[{"embeddable":true,"href":"https:\/\/linitiative.ca\/International\/wp-json\/"}],"wp:attachment":[{"href":"https:\/\/linitiative.ca\/International\/wp-json\/wp\/v2\/media?parent=33543"}],"wp:term":[{"taxonomy":"category","embeddable":true,"href":"https:\/\/linitiative.ca\/International\/wp-json\/wp\/v2\/categories?post=33543"},{"taxonomy":"post_tag","embeddable":true,"href":"https:\/\/linitiative.ca\/International\/wp-json\/wp\/v2\/tags?post=33543"}],"curies":[{"name":"wp","href":"https:\/\/api.w.org\/{rel}","templated":true}]}}