{"id":33545,"date":"2019-05-10T14:07:16","date_gmt":"2019-05-10T18:07:16","guid":{"rendered":"https:\/\/linitiative.ca\/International\/tunisie-video-des-ong-financent-les-campagnes-de-certains-partis-politiques\/"},"modified":"2019-05-10T14:07:16","modified_gmt":"2019-05-10T18:07:16","slug":"tunisie-video-des-ong-financent-les-campagnes-de-certains-partis-politiques","status":"publish","type":"post","link":"https:\/\/linitiative.ca\/International\/tunisie-video-des-ong-financent-les-campagnes-de-certains-partis-politiques\/","title":{"rendered":"Tunisie \u2013 VIDEO\u00a0: Des ONG financent les campagnes de certains partis politiques"},"content":{"rendered":"<div class=\"post-cont-in left relative\">\n<p>Le pr\u00e9sident de l\u2019ISIE, Nabil Baffoun a d\u00e9voil\u00e9 ce vendredi, au micro de Mosa\u00efque FM, un ph\u00e9nom\u00e8ne qu\u2019il a qualifi\u00e9 de grave et de flou\u00a0 qui\u00a0consiste au financement des campagnes \u00e9lectorales de certains partis politiques par des organisations de la soci\u00e9t\u00e9 civile.<\/p>\n<p>Il\u00a0 ajout\u00e9 que, quoique ce ph\u00e9nom\u00e8ne\u00a0soit interdit par les textes de loi, il n\u2019en demeure pas moins fr\u00e9quent, vu un certain vide l\u00e9gislatif qui r\u00e9glemente cette activit\u00e9.<\/p>\n<div class=\"code-block code-block-1 c3\"><ins class=\"adsbygoogle c2\" data-ad-layout=\"in-article\" data-ad-format=\"fluid\" data-ad-client=\"ca-pub-2102118777505746\" data-ad-slot=\"7301775417\"\/> <\/div>\n<div class=\"mvp-org-wrap mvp-org-logo\" itemprop=\"publisher\" itemscope=\"\" itemtype=\"https:\/\/schema.org\/Organization\"><img decoding=\"async\" src=\"https:\/\/www.tunisienumerique.com\/wp-content\/uploads\/2017\/02\/logo_tunisie_numerique.png\"\/><\/div>\n<div class=\"mvp-related-posts left relative\">\n<h4 class=\"post-header\"><span class=\"post-header\">Lire aussi<\/span><\/h4>\n<\/div>\n<\/div>\n<p>Auteur: LM<br \/>\n<a href=\"https:\/\/www.tunisienumerique.com\/tunisie-video-des-ong-financent-les-campagnes-de-certains-partis-politiques\/\">Cliquez ici pour lire l&rsquo;article depuis sa source.<\/a><\/p>\n","protected":false},"excerpt":{"rendered":"<p>Le pr\u00e9sident de l\u2019ISIE, Nabil Baffoun a d\u00e9voil\u00e9 ce vendredi, au micro de Mosa\u00efque FM, un ph\u00e9nom\u00e8ne qu\u2019il a qualifi\u00e9 de grave et de flou\u00a0 qui\u00a0consiste au financement des campagnes \u00e9lectorales de certains partis politiques par des organisations de la soci\u00e9t\u00e9 civile. Il\u00a0 ajout\u00e9 que, quoique ce ph\u00e9nom\u00e8ne\u00a0soit interdit par les textes de loi, il [&hellip;]<\/p>\n","protected":false},"author":1789,"featured_media":33546,"comment_status":"closed","ping_status":"closed","sticky":false,"template":"","format":"standard","meta":{"fifu_image_url":"","fifu_image_alt":"","footnotes":""},"categories":[73,55],"tags":[],"class_list":["post-33545","post","type-post","status-publish","format-standard","has-post-thumbnail","hentry","category-actualite","category-tunisie"],"_links":{"self":[{"href":"https:\/\/linitiative.ca\/International\/wp-json\/wp\/v2\/posts\/33545","targetHints":{"allow":["GET"]}}],"collection":[{"href":"https:\/\/linitiative.ca\/International\/wp-json\/wp\/v2\/posts"}],"about":[{"href":"https:\/\/linitiative.ca\/International\/wp-json\/wp\/v2\/types\/post"}],"author":[{"embeddable":true,"href":"https:\/\/linitiative.ca\/International\/wp-json\/wp\/v2\/users\/1789"}],"replies":[{"embeddable":true,"href":"https:\/\/linitiative.ca\/International\/wp-json\/wp\/v2\/comments?post=33545"}],"version-history":[{"count":0,"href":"https:\/\/linitiative.ca\/International\/wp-json\/wp\/v2\/posts\/33545\/revisions"}],"wp:featuredmedia":[{"embeddable":true,"href":"https:\/\/linitiative.ca\/International\/wp-json\/"}],"wp:attachment":[{"href":"https:\/\/linitiative.ca\/International\/wp-json\/wp\/v2\/media?parent=33545"}],"wp:term":[{"taxonomy":"category","embeddable":true,"href":"https:\/\/linitiative.ca\/International\/wp-json\/wp\/v2\/categories?post=33545"},{"taxonomy":"post_tag","embeddable":true,"href":"https:\/\/linitiative.ca\/International\/wp-json\/wp\/v2\/tags?post=33545"}],"curies":[{"name":"wp","href":"https:\/\/api.w.org\/{rel}","templated":true}]}}